{"id":86,"date":"2024-06-17T12:19:31","date_gmt":"2024-06-17T10:19:31","guid":{"rendered":"http:\/\/www.bourse-du-travail.com\/blog\/?p=86"},"modified":"2024-06-17T12:19:31","modified_gmt":"2024-06-17T10:19:31","slug":"fete-de-la-musique-2024-a-lyon","status":"publish","type":"post","link":"https:\/\/www.bourse-du-travail.com\/blog\/2024\/06\/17\/fete-de-la-musique-2024-a-lyon\/","title":{"rendered":"F\u00eate de la musique 2024 \u00e0 Lyon"},"content":{"rendered":"\n<h2 class=\"wp-block-heading\">Une soir\u00e9e musicale exceptionnelle \u00e0 Lyon pour la F\u00eate de la Musique<\/h2>\n\n\n\n<p>Le 21 juin, la ville de Lyon vibrera au rythme de la F\u00eate de la Musique, et notre salle de spectacle est fi\u00e8re de vous pr\u00e9senter une soir\u00e9e inoubliable. Nous avons l&rsquo;honneur d&rsquo;accueillir plusieurs artistes talentueux, chacun apportant son style unique et son \u00e9nergie pour c\u00e9l\u00e9brer cet \u00e9v\u00e9nement annuel tant attendu. Que vous soyez amateur de rock, de pop, de jazz ou de musique \u00e9lectronique, notre programmation diversifi\u00e9e saura vous s\u00e9duire.<\/p>\n\n\n\n<h2 class=\"wp-block-heading\">Des performances envo\u00fbtantes au programme<\/h2>\n\n\n\n<p>Le groupe de rock \u00ab\u00a0Les Riffs Urbains\u00a0\u00bb ouvrira la soir\u00e9e avec leur son puissant et leurs m\u00e9lodies accrocheuses. Connu pour des titres r\u00e9cents comme \u00ab\u00a0L&rsquo;\u00c9chapp\u00e9e Belle\u00a0\u00bb et \u00ab\u00a0Nuits d&rsquo;Orage\u00a0\u00bb, ce groupe lyonnais promet de faire vibrer les murs de notre salle. Leur \u00e9nergie sur sc\u00e8ne est contagieuse et leur passion pour la musique est palpable \u00e0 chaque note. Ne manquez pas cette performance qui s&rsquo;annonce d\u00e9j\u00e0 l\u00e9gendaire.<\/p>\n\n\n\n<p>Ensuite, c&rsquo;est au tour de la chanteuse pop Clara Moreau de monter sur sc\u00e8ne. Avec des succ\u00e8s r\u00e9cents tels que \u00ab\u00a0\u00c9toile Filante\u00a0\u00bb et \u00ab\u00a0Danse avec Moi\u00a0\u00bb, Clara a su conqu\u00e9rir le c\u0153ur du public avec sa voix envo\u00fbtante et ses paroles po\u00e9tiques. Sa pr\u00e9sence sc\u00e9nique magn\u00e9tique et ses performances vocales exceptionnelles garantissent un moment magique pour tous les spectateurs. Clara Moreau est sans aucun doute l&rsquo;une des artistes \u00e0 suivre de pr\u00e8s sur la sc\u00e8ne musicale fran\u00e7aise.<\/p>\n\n\n\n<h2 class=\"wp-block-heading\">Une touche d&rsquo;humour et de po\u00e9sie<\/h2>\n\n\n\n<p>La soir\u00e9e continuera avec une touche d&rsquo;humour gr\u00e2ce \u00e0 l&rsquo;humoriste Jean-Luc Leblanc, c\u00e9l\u00e8bre pour ses sketches hilarants et ses observations ac\u00e9r\u00e9es sur la vie quotidienne. R\u00e9cemment vu dans l&rsquo;\u00e9mission \u00ab\u00a0Rires et D\u00e9lires\u00a0\u00bb et auteur du sketch \u00ab\u00a0Le Monde \u00e0 l&rsquo;Envers\u00a0\u00bb, Jean-Luc apportera une bouff\u00e9e d&rsquo;air frais et des \u00e9clats de rire \u00e0 cette soir\u00e9e d\u00e9j\u00e0 haute en couleurs. Son talent pour captiver le public avec ses histoires et son sens aigu de l&rsquo;humour font de lui un incontournable de la sc\u00e8ne comique actuelle.<\/p>\n\n\n\n<p>Pour cl\u00f4turer cette soir\u00e9e m\u00e9morable, le DJ \u00e9lectro Maxime Dubois prendra les platines. Avec des morceaux r\u00e9cents comme \u00ab\u00a0Nocturne\u00a0\u00bb et \u00ab\u00a0\u00c9vasion\u00a0\u00bb, Maxime est r\u00e9put\u00e9 pour ses sets \u00e9lectrisants qui transportent le public dans une autre dimension. Ses mix habiles et sa capacit\u00e9 \u00e0 lire la foule promettent une fin de soir\u00e9e en apoth\u00e9ose, o\u00f9 danse et plaisir seront les ma\u00eetres-mots.<\/p>\n\n\n\n<h2 class=\"wp-block-heading\">Rejoignez-nous pour une c\u00e9l\u00e9bration musicale inoubliable<\/h2>\n\n\n\n<p>Cette \u00e9dition de la F\u00eate de la Musique \u00e0 Lyon s&rsquo;annonce exceptionnelle gr\u00e2ce \u00e0 une programmation riche et vari\u00e9e. Que vous soyez fan de rock, de pop, d&rsquo;humour ou de musique \u00e9lectronique, notre salle de spectacle vous offre une soir\u00e9e qui restera grav\u00e9e dans vos m\u00e9moires. Ne manquez pas l&rsquo;occasion de vivre des moments uniques et de c\u00e9l\u00e9brer la musique sous toutes ses formes avec nous.<\/p>\n","protected":false},"excerpt":{"rendered":"<p>Une soir\u00e9e musicale exceptionnelle \u00e0 Lyon pour la F\u00eate de la Musique Le 21 juin, la ville de Lyon vibrera au rythme de la F\u00eate de la Musique, et notre salle de spectacle est fi\u00e8re de vous pr\u00e9senter une soir\u00e9e inoubliable. Nous avons l&rsquo;honneur d&rsquo;accueillir plusieurs artistes talentueux, chacun apportant son style unique et son &hellip; <a href=\"https:\/\/www.bourse-du-travail.com\/blog\/2024\/06\/17\/fete-de-la-musique-2024-a-lyon\/\" class=\"more-link\">Continuer la lecture de <span class=\"screen-reader-text\">F\u00eate de la musique 2024 \u00e0 Lyon<\/span><\/a><\/p>\n","protected":false},"author":1,"featured_media":87,"comment_status":"open","ping_status":"open","sticky":false,"template":"","format":"standard","meta":{"footnotes":""},"categories":[8],"tags":[],"class_list":["post-86","post","type-post","status-publish","format-standard","has-post-thumbnail","hentry","category-lyon"],"yoast_head":"<!-- This site is optimized with the Yoast SEO plugin v27.5 - https:\/\/yoast.com\/product\/yoast-seo-wordpress\/ -->\n<title>F\u00eate de la musique 2024 \u00e0 Lyon - Bourse du travail<\/title>\n<meta name=\"robots\" content=\"index, follow, max-snippet:-1, max-image-preview:large, max-video-preview:-1\" \/>\n<link rel=\"canonical\" href=\"https:\/\/www.bourse-du-travail.com\/blog\/2024\/06\/17\/fete-de-la-musique-2024-a-lyon\/\" \/>\n<meta property=\"og:locale\" content=\"fr_FR\" \/>\n<meta property=\"og:type\" content=\"article\" \/>\n<meta property=\"og:title\" content=\"F\u00eate de la musique 2024 \u00e0 Lyon - Bourse du travail\" \/>\n<meta property=\"og:description\" content=\"Une soir\u00e9e musicale exceptionnelle \u00e0 Lyon pour la F\u00eate de la Musique Le 21 juin, la ville de Lyon vibrera au rythme de la F\u00eate de la Musique, et notre salle de spectacle est fi\u00e8re de vous pr\u00e9senter une soir\u00e9e inoubliable. Nous avons l&rsquo;honneur d&rsquo;accueillir plusieurs artistes talentueux, chacun apportant son style unique et son &hellip; Continuer la lecture de F\u00eate de la musique 2024 \u00e0 Lyon\" \/>\n<meta property=\"og:url\" content=\"https:\/\/www.bourse-du-travail.com\/blog\/2024\/06\/17\/fete-de-la-musique-2024-a-lyon\/\" \/>\n<meta property=\"og:site_name\" content=\"Bourse du travail\" \/>\n<meta property=\"article:publisher\" content=\"https:\/\/www.facebook.com\/boursedutravail\" \/>\n<meta property=\"article:published_time\" content=\"2024-06-17T10:19:31+00:00\" \/>\n<meta property=\"og:image\" content=\"https:\/\/www.bourse-du-travail.com\/blog\/wp-content\/uploads\/2024\/06\/c7760b64-8d29-4dd6-9131-ded060165d48.jpeg\" \/>\n\t<meta property=\"og:image:width\" content=\"1792\" \/>\n\t<meta property=\"og:image:height\" content=\"1024\" \/>\n\t<meta property=\"og:image:type\" content=\"image\/jpeg\" \/>\n<meta name=\"author\" content=\"Bourse du travail\" \/>\n<meta name=\"twitter:card\" content=\"summary_large_image\" \/>\n<meta name=\"twitter:label1\" content=\"\u00c9crit par\" \/>\n\t<meta name=\"twitter:data1\" content=\"Bourse du travail\" \/>\n\t<meta name=\"twitter:label2\" content=\"Dur\u00e9e de lecture estim\u00e9e\" \/>\n\t<meta name=\"twitter:data2\" content=\"3 minutes\" \/>\n<script type=\"application\/ld+json\" class=\"yoast-schema-graph\">{\"@context\":\"https:\\\/\\\/schema.org\",\"@graph\":[{\"@type\":\"Article\",\"@id\":\"https:\\\/\\\/www.bourse-du-travail.com\\\/blog\\\/2024\\\/06\\\/17\\\/fete-de-la-musique-2024-a-lyon\\\/#article\",\"isPartOf\":{\"@id\":\"https:\\\/\\\/www.bourse-du-travail.com\\\/blog\\\/2024\\\/06\\\/17\\\/fete-de-la-musique-2024-a-lyon\\\/\"},\"author\":{\"name\":\"Bourse du travail\",\"@id\":\"https:\\\/\\\/www.bourse-du-travail.com\\\/blog\\\/#\\\/schema\\\/person\\\/9926bb41184b7283fb1ed47808692276\"},\"headline\":\"F\u00eate de la musique 2024 \u00e0 Lyon\",\"datePublished\":\"2024-06-17T10:19:31+00:00\",\"mainEntityOfPage\":{\"@id\":\"https:\\\/\\\/www.bourse-du-travail.com\\\/blog\\\/2024\\\/06\\\/17\\\/fete-de-la-musique-2024-a-lyon\\\/\"},\"wordCount\":514,\"commentCount\":0,\"publisher\":{\"@id\":\"https:\\\/\\\/www.bourse-du-travail.com\\\/blog\\\/#organization\"},\"image\":{\"@id\":\"https:\\\/\\\/www.bourse-du-travail.com\\\/blog\\\/2024\\\/06\\\/17\\\/fete-de-la-musique-2024-a-lyon\\\/#primaryimage\"},\"thumbnailUrl\":\"https:\\\/\\\/www.bourse-du-travail.com\\\/blog\\\/wp-content\\\/uploads\\\/2024\\\/06\\\/c7760b64-8d29-4dd6-9131-ded060165d48.jpeg\",\"articleSection\":[\"Lyon\"],\"inLanguage\":\"fr-FR\",\"potentialAction\":[{\"@type\":\"CommentAction\",\"name\":\"Comment\",\"target\":[\"https:\\\/\\\/www.bourse-du-travail.com\\\/blog\\\/2024\\\/06\\\/17\\\/fete-de-la-musique-2024-a-lyon\\\/#respond\"]}]},{\"@type\":\"WebPage\",\"@id\":\"https:\\\/\\\/www.bourse-du-travail.com\\\/blog\\\/2024\\\/06\\\/17\\\/fete-de-la-musique-2024-a-lyon\\\/\",\"url\":\"https:\\\/\\\/www.bourse-du-travail.com\\\/blog\\\/2024\\\/06\\\/17\\\/fete-de-la-musique-2024-a-lyon\\\/\",\"name\":\"F\u00eate de la musique 2024 \u00e0 Lyon - Bourse du travail\",\"isPartOf\":{\"@id\":\"https:\\\/\\\/www.bourse-du-travail.com\\\/blog\\\/#website\"},\"primaryImageOfPage\":{\"@id\":\"https:\\\/\\\/www.bourse-du-travail.com\\\/blog\\\/2024\\\/06\\\/17\\\/fete-de-la-musique-2024-a-lyon\\\/#primaryimage\"},\"image\":{\"@id\":\"https:\\\/\\\/www.bourse-du-travail.com\\\/blog\\\/2024\\\/06\\\/17\\\/fete-de-la-musique-2024-a-lyon\\\/#primaryimage\"},\"thumbnailUrl\":\"https:\\\/\\\/www.bourse-du-travail.com\\\/blog\\\/wp-content\\\/uploads\\\/2024\\\/06\\\/c7760b64-8d29-4dd6-9131-ded060165d48.jpeg\",\"datePublished\":\"2024-06-17T10:19:31+00:00\",\"breadcrumb\":{\"@id\":\"https:\\\/\\\/www.bourse-du-travail.com\\\/blog\\\/2024\\\/06\\\/17\\\/fete-de-la-musique-2024-a-lyon\\\/#breadcrumb\"},\"inLanguage\":\"fr-FR\",\"potentialAction\":[{\"@type\":\"ReadAction\",\"target\":[\"https:\\\/\\\/www.bourse-du-travail.com\\\/blog\\\/2024\\\/06\\\/17\\\/fete-de-la-musique-2024-a-lyon\\\/\"]}]},{\"@type\":\"ImageObject\",\"inLanguage\":\"fr-FR\",\"@id\":\"https:\\\/\\\/www.bourse-du-travail.com\\\/blog\\\/2024\\\/06\\\/17\\\/fete-de-la-musique-2024-a-lyon\\\/#primaryimage\",\"url\":\"https:\\\/\\\/www.bourse-du-travail.com\\\/blog\\\/wp-content\\\/uploads\\\/2024\\\/06\\\/c7760b64-8d29-4dd6-9131-ded060165d48.jpeg\",\"contentUrl\":\"https:\\\/\\\/www.bourse-du-travail.com\\\/blog\\\/wp-content\\\/uploads\\\/2024\\\/06\\\/c7760b64-8d29-4dd6-9131-ded060165d48.jpeg\",\"width\":1792,\"height\":1024},{\"@type\":\"BreadcrumbList\",\"@id\":\"https:\\\/\\\/www.bourse-du-travail.com\\\/blog\\\/2024\\\/06\\\/17\\\/fete-de-la-musique-2024-a-lyon\\\/#breadcrumb\",\"itemListElement\":[{\"@type\":\"ListItem\",\"position\":1,\"name\":\"Accueil\",\"item\":\"https:\\\/\\\/www.bourse-du-travail.com\\\/blog\\\/\"},{\"@type\":\"ListItem\",\"position\":2,\"name\":\"F\u00eate de la musique 2024 \u00e0 Lyon\"}]},{\"@type\":\"WebSite\",\"@id\":\"https:\\\/\\\/www.bourse-du-travail.com\\\/blog\\\/#website\",\"url\":\"https:\\\/\\\/www.bourse-du-travail.com\\\/blog\\\/\",\"name\":\"Bourse du travail\",\"description\":\"Le blog Concerts et Musiques\",\"publisher\":{\"@id\":\"https:\\\/\\\/www.bourse-du-travail.com\\\/blog\\\/#organization\"},\"potentialAction\":[{\"@type\":\"SearchAction\",\"target\":{\"@type\":\"EntryPoint\",\"urlTemplate\":\"https:\\\/\\\/www.bourse-du-travail.com\\\/blog\\\/?s={search_term_string}\"},\"query-input\":{\"@type\":\"PropertyValueSpecification\",\"valueRequired\":true,\"valueName\":\"search_term_string\"}}],\"inLanguage\":\"fr-FR\"},{\"@type\":\"Organization\",\"@id\":\"https:\\\/\\\/www.bourse-du-travail.com\\\/blog\\\/#organization\",\"name\":\"Bourse du travail\",\"url\":\"https:\\\/\\\/www.bourse-du-travail.com\\\/blog\\\/\",\"logo\":{\"@type\":\"ImageObject\",\"inLanguage\":\"fr-FR\",\"@id\":\"https:\\\/\\\/www.bourse-du-travail.com\\\/blog\\\/#\\\/schema\\\/logo\\\/image\\\/\",\"url\":\"https:\\\/\\\/www.bourse-du-travail.com\\\/blog\\\/wp-content\\\/uploads\\\/2017\\\/04\\\/cropped-bourse-du-travail-2.jpg\",\"contentUrl\":\"https:\\\/\\\/www.bourse-du-travail.com\\\/blog\\\/wp-content\\\/uploads\\\/2017\\\/04\\\/cropped-bourse-du-travail-2.jpg\",\"width\":248,\"height\":248,\"caption\":\"Bourse du travail\"},\"image\":{\"@id\":\"https:\\\/\\\/www.bourse-du-travail.com\\\/blog\\\/#\\\/schema\\\/logo\\\/image\\\/\"},\"sameAs\":[\"https:\\\/\\\/www.facebook.com\\\/boursedutravail\"]},{\"@type\":\"Person\",\"@id\":\"https:\\\/\\\/www.bourse-du-travail.com\\\/blog\\\/#\\\/schema\\\/person\\\/9926bb41184b7283fb1ed47808692276\",\"name\":\"Bourse du travail\",\"image\":{\"@type\":\"ImageObject\",\"inLanguage\":\"fr-FR\",\"@id\":\"https:\\\/\\\/secure.gravatar.com\\\/avatar\\\/6aaa2db7c91316f8097aa34158681e8a949b827f2fa1d6a623275606afbb879d?s=96&d=mm&r=g\",\"url\":\"https:\\\/\\\/secure.gravatar.com\\\/avatar\\\/6aaa2db7c91316f8097aa34158681e8a949b827f2fa1d6a623275606afbb879d?s=96&d=mm&r=g\",\"contentUrl\":\"https:\\\/\\\/secure.gravatar.com\\\/avatar\\\/6aaa2db7c91316f8097aa34158681e8a949b827f2fa1d6a623275606afbb879d?s=96&d=mm&r=g\",\"caption\":\"Bourse du travail\"}}]}<\/script>\n<!-- \/ Yoast SEO plugin. -->","yoast_head_json":{"title":"F\u00eate de la musique 2024 \u00e0 Lyon - Bourse du travail","robots":{"index":"index","follow":"follow","max-snippet":"max-snippet:-1","max-image-preview":"max-image-preview:large","max-video-preview":"max-video-preview:-1"},"canonical":"https:\/\/www.bourse-du-travail.com\/blog\/2024\/06\/17\/fete-de-la-musique-2024-a-lyon\/","og_locale":"fr_FR","og_type":"article","og_title":"F\u00eate de la musique 2024 \u00e0 Lyon - Bourse du travail","og_description":"Une soir\u00e9e musicale exceptionnelle \u00e0 Lyon pour la F\u00eate de la Musique Le 21 juin, la ville de Lyon vibrera au rythme de la F\u00eate de la Musique, et notre salle de spectacle est fi\u00e8re de vous pr\u00e9senter une soir\u00e9e inoubliable. Nous avons l&rsquo;honneur d&rsquo;accueillir plusieurs artistes talentueux, chacun apportant son style unique et son &hellip; Continuer la lecture de F\u00eate de la musique 2024 \u00e0 Lyon","og_url":"https:\/\/www.bourse-du-travail.com\/blog\/2024\/06\/17\/fete-de-la-musique-2024-a-lyon\/","og_site_name":"Bourse du travail","article_publisher":"https:\/\/www.facebook.com\/boursedutravail","article_published_time":"2024-06-17T10:19:31+00:00","og_image":[{"width":1792,"height":1024,"url":"https:\/\/www.bourse-du-travail.com\/blog\/wp-content\/uploads\/2024\/06\/c7760b64-8d29-4dd6-9131-ded060165d48.jpeg","type":"image\/jpeg"}],"author":"Bourse du travail","twitter_card":"summary_large_image","twitter_misc":{"\u00c9crit par":"Bourse du travail","Dur\u00e9e de lecture estim\u00e9e":"3 minutes"},"schema":{"@context":"https:\/\/schema.org","@graph":[{"@type":"Article","@id":"https:\/\/www.bourse-du-travail.com\/blog\/2024\/06\/17\/fete-de-la-musique-2024-a-lyon\/#article","isPartOf":{"@id":"https:\/\/www.bourse-du-travail.com\/blog\/2024\/06\/17\/fete-de-la-musique-2024-a-lyon\/"},"author":{"name":"Bourse du travail","@id":"https:\/\/www.bourse-du-travail.com\/blog\/#\/schema\/person\/9926bb41184b7283fb1ed47808692276"},"headline":"F\u00eate de la musique 2024 \u00e0 Lyon","datePublished":"2024-06-17T10:19:31+00:00","mainEntityOfPage":{"@id":"https:\/\/www.bourse-du-travail.com\/blog\/2024\/06\/17\/fete-de-la-musique-2024-a-lyon\/"},"wordCount":514,"commentCount":0,"publisher":{"@id":"https:\/\/www.bourse-du-travail.com\/blog\/#organization"},"image":{"@id":"https:\/\/www.bourse-du-travail.com\/blog\/2024\/06\/17\/fete-de-la-musique-2024-a-lyon\/#primaryimage"},"thumbnailUrl":"https:\/\/www.bourse-du-travail.com\/blog\/wp-content\/uploads\/2024\/06\/c7760b64-8d29-4dd6-9131-ded060165d48.jpeg","articleSection":["Lyon"],"inLanguage":"fr-FR","potentialAction":[{"@type":"CommentAction","name":"Comment","target":["https:\/\/www.bourse-du-travail.com\/blog\/2024\/06\/17\/fete-de-la-musique-2024-a-lyon\/#respond"]}]},{"@type":"WebPage","@id":"https:\/\/www.bourse-du-travail.com\/blog\/2024\/06\/17\/fete-de-la-musique-2024-a-lyon\/","url":"https:\/\/www.bourse-du-travail.com\/blog\/2024\/06\/17\/fete-de-la-musique-2024-a-lyon\/","name":"F\u00eate de la musique 2024 \u00e0 Lyon - Bourse du travail","isPartOf":{"@id":"https:\/\/www.bourse-du-travail.com\/blog\/#website"},"primaryImageOfPage":{"@id":"https:\/\/www.bourse-du-travail.com\/blog\/2024\/06\/17\/fete-de-la-musique-2024-a-lyon\/#primaryimage"},"image":{"@id":"https:\/\/www.bourse-du-travail.com\/blog\/2024\/06\/17\/fete-de-la-musique-2024-a-lyon\/#primaryimage"},"thumbnailUrl":"https:\/\/www.bourse-du-travail.com\/blog\/wp-content\/uploads\/2024\/06\/c7760b64-8d29-4dd6-9131-ded060165d48.jpeg","datePublished":"2024-06-17T10:19:31+00:00","breadcrumb":{"@id":"https:\/\/www.bourse-du-travail.com\/blog\/2024\/06\/17\/fete-de-la-musique-2024-a-lyon\/#breadcrumb"},"inLanguage":"fr-FR","potentialAction":[{"@type":"ReadAction","target":["https:\/\/www.bourse-du-travail.com\/blog\/2024\/06\/17\/fete-de-la-musique-2024-a-lyon\/"]}]},{"@type":"ImageObject","inLanguage":"fr-FR","@id":"https:\/\/www.bourse-du-travail.com\/blog\/2024\/06\/17\/fete-de-la-musique-2024-a-lyon\/#primaryimage","url":"https:\/\/www.bourse-du-travail.com\/blog\/wp-content\/uploads\/2024\/06\/c7760b64-8d29-4dd6-9131-ded060165d48.jpeg","contentUrl":"https:\/\/www.bourse-du-travail.com\/blog\/wp-content\/uploads\/2024\/06\/c7760b64-8d29-4dd6-9131-ded060165d48.jpeg","width":1792,"height":1024},{"@type":"BreadcrumbList","@id":"https:\/\/www.bourse-du-travail.com\/blog\/2024\/06\/17\/fete-de-la-musique-2024-a-lyon\/#breadcrumb","itemListElement":[{"@type":"ListItem","position":1,"name":"Accueil","item":"https:\/\/www.bourse-du-travail.com\/blog\/"},{"@type":"ListItem","position":2,"name":"F\u00eate de la musique 2024 \u00e0 Lyon"}]},{"@type":"WebSite","@id":"https:\/\/www.bourse-du-travail.com\/blog\/#website","url":"https:\/\/www.bourse-du-travail.com\/blog\/","name":"Bourse du travail","description":"Le blog Concerts et Musiques","publisher":{"@id":"https:\/\/www.bourse-du-travail.com\/blog\/#organization"},"potentialAction":[{"@type":"SearchAction","target":{"@type":"EntryPoint","urlTemplate":"https:\/\/www.bourse-du-travail.com\/blog\/?s={search_term_string}"},"query-input":{"@type":"PropertyValueSpecification","valueRequired":true,"valueName":"search_term_string"}}],"inLanguage":"fr-FR"},{"@type":"Organization","@id":"https:\/\/www.bourse-du-travail.com\/blog\/#organization","name":"Bourse du travail","url":"https:\/\/www.bourse-du-travail.com\/blog\/","logo":{"@type":"ImageObject","inLanguage":"fr-FR","@id":"https:\/\/www.bourse-du-travail.com\/blog\/#\/schema\/logo\/image\/","url":"https:\/\/www.bourse-du-travail.com\/blog\/wp-content\/uploads\/2017\/04\/cropped-bourse-du-travail-2.jpg","contentUrl":"https:\/\/www.bourse-du-travail.com\/blog\/wp-content\/uploads\/2017\/04\/cropped-bourse-du-travail-2.jpg","width":248,"height":248,"caption":"Bourse du travail"},"image":{"@id":"https:\/\/www.bourse-du-travail.com\/blog\/#\/schema\/logo\/image\/"},"sameAs":["https:\/\/www.facebook.com\/boursedutravail"]},{"@type":"Person","@id":"https:\/\/www.bourse-du-travail.com\/blog\/#\/schema\/person\/9926bb41184b7283fb1ed47808692276","name":"Bourse du travail","image":{"@type":"ImageObject","inLanguage":"fr-FR","@id":"https:\/\/secure.gravatar.com\/avatar\/6aaa2db7c91316f8097aa34158681e8a949b827f2fa1d6a623275606afbb879d?s=96&d=mm&r=g","url":"https:\/\/secure.gravatar.com\/avatar\/6aaa2db7c91316f8097aa34158681e8a949b827f2fa1d6a623275606afbb879d?s=96&d=mm&r=g","contentUrl":"https:\/\/secure.gravatar.com\/avatar\/6aaa2db7c91316f8097aa34158681e8a949b827f2fa1d6a623275606afbb879d?s=96&d=mm&r=g","caption":"Bourse du travail"}}]}},"_links":{"self":[{"href":"https:\/\/www.bourse-du-travail.com\/blog\/wp-json\/wp\/v2\/posts\/86","targetHints":{"allow":["GET"]}}],"collection":[{"href":"https:\/\/www.bourse-du-travail.com\/blog\/wp-json\/wp\/v2\/posts"}],"about":[{"href":"https:\/\/www.bourse-du-travail.com\/blog\/wp-json\/wp\/v2\/types\/post"}],"author":[{"embeddable":true,"href":"https:\/\/www.bourse-du-travail.com\/blog\/wp-json\/wp\/v2\/users\/1"}],"replies":[{"embeddable":true,"href":"https:\/\/www.bourse-du-travail.com\/blog\/wp-json\/wp\/v2\/comments?post=86"}],"version-history":[{"count":1,"href":"https:\/\/www.bourse-du-travail.com\/blog\/wp-json\/wp\/v2\/posts\/86\/revisions"}],"predecessor-version":[{"id":88,"href":"https:\/\/www.bourse-du-travail.com\/blog\/wp-json\/wp\/v2\/posts\/86\/revisions\/88"}],"wp:featuredmedia":[{"embeddable":true,"href":"https:\/\/www.bourse-du-travail.com\/blog\/wp-json\/wp\/v2\/media\/87"}],"wp:attachment":[{"href":"https:\/\/www.bourse-du-travail.com\/blog\/wp-json\/wp\/v2\/media?parent=86"}],"wp:term":[{"taxonomy":"category","embeddable":true,"href":"https:\/\/www.bourse-du-travail.com\/blog\/wp-json\/wp\/v2\/categories?post=86"},{"taxonomy":"post_tag","embeddable":true,"href":"https:\/\/www.bourse-du-travail.com\/blog\/wp-json\/wp\/v2\/tags?post=86"}],"curies":[{"name":"wp","href":"https:\/\/api.w.org\/{rel}","templated":true}]}}