{"id":227,"date":"2025-07-03T08:55:18","date_gmt":"2025-07-03T06:55:18","guid":{"rendered":"https:\/\/www.bourse-du-travail.com\/blog\/?p=227"},"modified":"2025-07-03T08:55:19","modified_gmt":"2025-07-03T06:55:19","slug":"jean%e2%80%91jacques-goldman-revient-il-signe-des-titres-inedits-pour-les-enfoires-et-le-bleuet-de-france","status":"publish","type":"post","link":"https:\/\/www.bourse-du-travail.com\/blog\/2025\/07\/03\/jean%e2%80%91jacques-goldman-revient-il-signe-des-titres-inedits-pour-les-enfoires-et-le-bleuet-de-france\/","title":{"rendered":"Jean\u2011Jacques Goldman revient : il signe des titres in\u00e9dits pour les Enfoir\u00e9s et le Bleuet de France"},"content":{"rendered":"\n<h2 class=\"wp-block-heading\">Goldman signe un retour discret mais fort<\/h2>\n\n\n\n<p>Jean\u2011Jacques Goldman, retir\u00e9 de la sc\u00e8ne et des m\u00e9dias depuis 2004, a r\u00e9cemment accept\u00e9 de signer plusieurs titres in\u00e9dits. Il contribuera notamment \u00e0 un ou plusieurs morceaux du prochain album des Enfoir\u00e9s, comme l\u2019a annonc\u00e9 la productrice Anne Marcassus. Une interview exclusive \u00e9voque comment il a r\u00e9dig\u00e9 l\u2019un de ces titres en quelques heures \u00e0 la demande de Coluche, r\u00e9v\u00e9lant sa capacit\u00e9 intacte \u00e0 cr\u00e9er efficacement pour des causes sensibles.<\/p>\n\n\n\n<h2 class=\"wp-block-heading\">Une chanson in\u00e9dite pour le Bleuet de France<\/h2>\n\n\n\n<p>Le chanteur est \u00e9galement de retour en studio pour composer \u00ab\u202fOn sera l\u00e0\u202f\u00bb, un hymne d\u00e9di\u00e9 au Bleuet de France. Cette chanson sera jou\u00e9e par Elo\u00efz et Yvard lors d\u2019un concert solidaire le 10 avril \u00e0 la Salle Pleyel, entour\u00e9s de l\u2019orchestre de l\u2019arm\u00e9e. Un geste simple et humble pour soutenir les soldats bless\u00e9s et leurs familles, fid\u00e8le \u00e0 l\u2019engagement humanitaire de Goldman.<\/p>\n\n\n\n<h2 class=\"wp-block-heading\">Des retrouvailles musicales en studio<\/h2>\n\n\n\n<p>En mars 2025, Goldman s\u2019est retrouv\u00e9 en studio avec le compositeur Jacques Veneruso et son fr\u00e8re Robert Goldman pour ces projets. L\u2019enregistrement, d\u00e9crit comme chaleureux et convivial, refl\u00e8te le retour discret mais impactant d\u2019un artiste l\u00e9gendaire qui choisit ses engagements avec soin et g\u00e9n\u00e9rosit\u00e9.<\/p>\n\n\n\n<h2 class=\"wp-block-heading\">Un mod\u00e8le de simplicit\u00e9 et de solidarit\u00e9<\/h2>\n\n\n\n<p>Malgr\u00e9 son absence prolong\u00e9e, l\u2019influence de Goldman reste palpable. Il n\u2019appara\u00eet pas sur sc\u00e8ne, mais multiplie les initiatives discr\u00e8tes : de ses contributions aux Enfoir\u00e9s jusqu\u2019\u00e0 ce nouvel hymne pour le Bleuet, il prouve que son talent et son humanit\u00e9 sont toujours au service de la cause. Ce retour musical, sans fanfares ni fracas, marque une renaissance silencieuse et authentique.<\/p>\n\n\n\n<h2 class=\"wp-block-heading\">Quelle suite pour l&rsquo;ic\u00f4ne de la vari\u00e9t\u00e9 fran\u00e7aise\u202f?<\/h2>\n\n\n\n<p>Si Jean\u2011Jacques Goldman ne pr\u00e9voit pas de nouvel album personnel, ses interventions ponctuelles t\u00e9moignent d\u2019une pr\u00e9sence active dans le paysage musical et caritatif. En conservant sa discr\u00e9tion, il continue d\u2019incarner une figure respect\u00e9e, capable de transmettre \u00e9motions et espoir. Pour beaucoup, sa plume reste l\u2019un des plus beaux vecteurs de solidarit\u00e9 et de fraternit\u00e9.<\/p>\n","protected":false},"excerpt":{"rendered":"<p>Goldman signe un retour discret mais fort Jean\u2011Jacques Goldman, retir\u00e9 de la sc\u00e8ne et des m\u00e9dias depuis 2004, a r\u00e9cemment accept\u00e9 de signer plusieurs titres in\u00e9dits. Il contribuera notamment \u00e0 un ou plusieurs morceaux du prochain album des Enfoir\u00e9s, comme l\u2019a annonc\u00e9 la productrice Anne Marcassus. Une interview exclusive \u00e9voque comment il a r\u00e9dig\u00e9 l\u2019un &hellip; <a href=\"https:\/\/www.bourse-du-travail.com\/blog\/2025\/07\/03\/jean%e2%80%91jacques-goldman-revient-il-signe-des-titres-inedits-pour-les-enfoires-et-le-bleuet-de-france\/\" class=\"more-link\">Continuer la lecture de <span class=\"screen-reader-text\">Jean\u2011Jacques Goldman revient : il signe des titres in\u00e9dits pour les Enfoir\u00e9s et le Bleuet de France<\/span><\/a><\/p>\n","protected":false},"author":1,"featured_media":182,"comment_status":"open","ping_status":"open","sticky":false,"template":"","format":"standard","meta":{"footnotes":""},"categories":[7],"tags":[],"class_list":["post-227","post","type-post","status-publish","format-standard","has-post-thumbnail","hentry","category-musique"],"yoast_head":"<!-- This site is optimized with the Yoast SEO plugin v27.5 - https:\/\/yoast.com\/product\/yoast-seo-wordpress\/ -->\n<title>Jean\u2011Jacques Goldman revient : il signe des titres in\u00e9dits pour les Enfoir\u00e9s et le Bleuet de France - Bourse du travail<\/title>\n<meta name=\"robots\" content=\"index, follow, max-snippet:-1, max-image-preview:large, max-video-preview:-1\" \/>\n<link rel=\"canonical\" href=\"https:\/\/www.bourse-du-travail.com\/blog\/2025\/07\/03\/jean\u2011jacques-goldman-revient-il-signe-des-titres-inedits-pour-les-enfoires-et-le-bleuet-de-france\/\" \/>\n<meta property=\"og:locale\" content=\"fr_FR\" \/>\n<meta property=\"og:type\" content=\"article\" \/>\n<meta property=\"og:title\" content=\"Jean\u2011Jacques Goldman revient : il signe des titres in\u00e9dits pour les Enfoir\u00e9s et le Bleuet de France - Bourse du travail\" \/>\n<meta property=\"og:description\" content=\"Goldman signe un retour discret mais fort Jean\u2011Jacques Goldman, retir\u00e9 de la sc\u00e8ne et des m\u00e9dias depuis 2004, a r\u00e9cemment accept\u00e9 de signer plusieurs titres in\u00e9dits. Il contribuera notamment \u00e0 un ou plusieurs morceaux du prochain album des Enfoir\u00e9s, comme l\u2019a annonc\u00e9 la productrice Anne Marcassus. Une interview exclusive \u00e9voque comment il a r\u00e9dig\u00e9 l\u2019un &hellip; Continuer la lecture de Jean\u2011Jacques Goldman revient : il signe des titres in\u00e9dits pour les Enfoir\u00e9s et le Bleuet de France\" \/>\n<meta property=\"og:url\" content=\"https:\/\/www.bourse-du-travail.com\/blog\/2025\/07\/03\/jean\u2011jacques-goldman-revient-il-signe-des-titres-inedits-pour-les-enfoires-et-le-bleuet-de-france\/\" \/>\n<meta property=\"og:site_name\" content=\"Bourse du travail\" \/>\n<meta property=\"article:publisher\" content=\"https:\/\/www.facebook.com\/boursedutravail\" \/>\n<meta property=\"article:published_time\" content=\"2025-07-03T06:55:18+00:00\" \/>\n<meta property=\"article:modified_time\" content=\"2025-07-03T06:55:19+00:00\" \/>\n<meta property=\"og:image\" content=\"https:\/\/www.bourse-du-travail.com\/blog\/wp-content\/uploads\/2025\/06\/31a6b5568bbb9c350c1b296d9086acf0-1694158957.jpg\" \/>\n\t<meta property=\"og:image:width\" content=\"1248\" \/>\n\t<meta property=\"og:image:height\" content=\"702\" \/>\n\t<meta property=\"og:image:type\" content=\"image\/jpeg\" \/>\n<meta name=\"author\" content=\"Bourse du travail\" \/>\n<meta name=\"twitter:card\" content=\"summary_large_image\" \/>\n<meta name=\"twitter:label1\" content=\"\u00c9crit par\" \/>\n\t<meta name=\"twitter:data1\" content=\"Bourse du travail\" \/>\n\t<meta name=\"twitter:label2\" content=\"Dur\u00e9e de lecture estim\u00e9e\" \/>\n\t<meta name=\"twitter:data2\" content=\"2 minutes\" \/>\n<script type=\"application\/ld+json\" class=\"yoast-schema-graph\">{\"@context\":\"https:\\\/\\\/schema.org\",\"@graph\":[{\"@type\":\"Article\",\"@id\":\"https:\\\/\\\/www.bourse-du-travail.com\\\/blog\\\/2025\\\/07\\\/03\\\/jean%e2%80%91jacques-goldman-revient-il-signe-des-titres-inedits-pour-les-enfoires-et-le-bleuet-de-france\\\/#article\",\"isPartOf\":{\"@id\":\"https:\\\/\\\/www.bourse-du-travail.com\\\/blog\\\/2025\\\/07\\\/03\\\/jean%e2%80%91jacques-goldman-revient-il-signe-des-titres-inedits-pour-les-enfoires-et-le-bleuet-de-france\\\/\"},\"author\":{\"name\":\"Bourse du travail\",\"@id\":\"https:\\\/\\\/www.bourse-du-travail.com\\\/blog\\\/#\\\/schema\\\/person\\\/9926bb41184b7283fb1ed47808692276\"},\"headline\":\"Jean\u2011Jacques Goldman revient : il signe des titres in\u00e9dits pour les Enfoir\u00e9s et le Bleuet de France\",\"datePublished\":\"2025-07-03T06:55:18+00:00\",\"dateModified\":\"2025-07-03T06:55:19+00:00\",\"mainEntityOfPage\":{\"@id\":\"https:\\\/\\\/www.bourse-du-travail.com\\\/blog\\\/2025\\\/07\\\/03\\\/jean%e2%80%91jacques-goldman-revient-il-signe-des-titres-inedits-pour-les-enfoires-et-le-bleuet-de-france\\\/\"},\"wordCount\":389,\"commentCount\":0,\"publisher\":{\"@id\":\"https:\\\/\\\/www.bourse-du-travail.com\\\/blog\\\/#organization\"},\"image\":{\"@id\":\"https:\\\/\\\/www.bourse-du-travail.com\\\/blog\\\/2025\\\/07\\\/03\\\/jean%e2%80%91jacques-goldman-revient-il-signe-des-titres-inedits-pour-les-enfoires-et-le-bleuet-de-france\\\/#primaryimage\"},\"thumbnailUrl\":\"https:\\\/\\\/www.bourse-du-travail.com\\\/blog\\\/wp-content\\\/uploads\\\/2025\\\/06\\\/31a6b5568bbb9c350c1b296d9086acf0-1694158957.jpg\",\"articleSection\":[\"Musique\"],\"inLanguage\":\"fr-FR\",\"potentialAction\":[{\"@type\":\"CommentAction\",\"name\":\"Comment\",\"target\":[\"https:\\\/\\\/www.bourse-du-travail.com\\\/blog\\\/2025\\\/07\\\/03\\\/jean%e2%80%91jacques-goldman-revient-il-signe-des-titres-inedits-pour-les-enfoires-et-le-bleuet-de-france\\\/#respond\"]}]},{\"@type\":\"WebPage\",\"@id\":\"https:\\\/\\\/www.bourse-du-travail.com\\\/blog\\\/2025\\\/07\\\/03\\\/jean%e2%80%91jacques-goldman-revient-il-signe-des-titres-inedits-pour-les-enfoires-et-le-bleuet-de-france\\\/\",\"url\":\"https:\\\/\\\/www.bourse-du-travail.com\\\/blog\\\/2025\\\/07\\\/03\\\/jean%e2%80%91jacques-goldman-revient-il-signe-des-titres-inedits-pour-les-enfoires-et-le-bleuet-de-france\\\/\",\"name\":\"Jean\u2011Jacques Goldman revient : il signe des titres in\u00e9dits pour les Enfoir\u00e9s et le Bleuet de France - Bourse du travail\",\"isPartOf\":{\"@id\":\"https:\\\/\\\/www.bourse-du-travail.com\\\/blog\\\/#website\"},\"primaryImageOfPage\":{\"@id\":\"https:\\\/\\\/www.bourse-du-travail.com\\\/blog\\\/2025\\\/07\\\/03\\\/jean%e2%80%91jacques-goldman-revient-il-signe-des-titres-inedits-pour-les-enfoires-et-le-bleuet-de-france\\\/#primaryimage\"},\"image\":{\"@id\":\"https:\\\/\\\/www.bourse-du-travail.com\\\/blog\\\/2025\\\/07\\\/03\\\/jean%e2%80%91jacques-goldman-revient-il-signe-des-titres-inedits-pour-les-enfoires-et-le-bleuet-de-france\\\/#primaryimage\"},\"thumbnailUrl\":\"https:\\\/\\\/www.bourse-du-travail.com\\\/blog\\\/wp-content\\\/uploads\\\/2025\\\/06\\\/31a6b5568bbb9c350c1b296d9086acf0-1694158957.jpg\",\"datePublished\":\"2025-07-03T06:55:18+00:00\",\"dateModified\":\"2025-07-03T06:55:19+00:00\",\"breadcrumb\":{\"@id\":\"https:\\\/\\\/www.bourse-du-travail.com\\\/blog\\\/2025\\\/07\\\/03\\\/jean%e2%80%91jacques-goldman-revient-il-signe-des-titres-inedits-pour-les-enfoires-et-le-bleuet-de-france\\\/#breadcrumb\"},\"inLanguage\":\"fr-FR\",\"potentialAction\":[{\"@type\":\"ReadAction\",\"target\":[\"https:\\\/\\\/www.bourse-du-travail.com\\\/blog\\\/2025\\\/07\\\/03\\\/jean%e2%80%91jacques-goldman-revient-il-signe-des-titres-inedits-pour-les-enfoires-et-le-bleuet-de-france\\\/\"]}]},{\"@type\":\"ImageObject\",\"inLanguage\":\"fr-FR\",\"@id\":\"https:\\\/\\\/www.bourse-du-travail.com\\\/blog\\\/2025\\\/07\\\/03\\\/jean%e2%80%91jacques-goldman-revient-il-signe-des-titres-inedits-pour-les-enfoires-et-le-bleuet-de-france\\\/#primaryimage\",\"url\":\"https:\\\/\\\/www.bourse-du-travail.com\\\/blog\\\/wp-content\\\/uploads\\\/2025\\\/06\\\/31a6b5568bbb9c350c1b296d9086acf0-1694158957.jpg\",\"contentUrl\":\"https:\\\/\\\/www.bourse-du-travail.com\\\/blog\\\/wp-content\\\/uploads\\\/2025\\\/06\\\/31a6b5568bbb9c350c1b296d9086acf0-1694158957.jpg\",\"width\":1248,\"height\":702},{\"@type\":\"BreadcrumbList\",\"@id\":\"https:\\\/\\\/www.bourse-du-travail.com\\\/blog\\\/2025\\\/07\\\/03\\\/jean%e2%80%91jacques-goldman-revient-il-signe-des-titres-inedits-pour-les-enfoires-et-le-bleuet-de-france\\\/#breadcrumb\",\"itemListElement\":[{\"@type\":\"ListItem\",\"position\":1,\"name\":\"Accueil\",\"item\":\"https:\\\/\\\/www.bourse-du-travail.com\\\/blog\\\/\"},{\"@type\":\"ListItem\",\"position\":2,\"name\":\"Jean\u2011Jacques Goldman revient : il signe des titres in\u00e9dits pour les Enfoir\u00e9s et le Bleuet de France\"}]},{\"@type\":\"WebSite\",\"@id\":\"https:\\\/\\\/www.bourse-du-travail.com\\\/blog\\\/#website\",\"url\":\"https:\\\/\\\/www.bourse-du-travail.com\\\/blog\\\/\",\"name\":\"Bourse du travail\",\"description\":\"Le blog Concerts et Musiques\",\"publisher\":{\"@id\":\"https:\\\/\\\/www.bourse-du-travail.com\\\/blog\\\/#organization\"},\"potentialAction\":[{\"@type\":\"SearchAction\",\"target\":{\"@type\":\"EntryPoint\",\"urlTemplate\":\"https:\\\/\\\/www.bourse-du-travail.com\\\/blog\\\/?s={search_term_string}\"},\"query-input\":{\"@type\":\"PropertyValueSpecification\",\"valueRequired\":true,\"valueName\":\"search_term_string\"}}],\"inLanguage\":\"fr-FR\"},{\"@type\":\"Organization\",\"@id\":\"https:\\\/\\\/www.bourse-du-travail.com\\\/blog\\\/#organization\",\"name\":\"Bourse du travail\",\"url\":\"https:\\\/\\\/www.bourse-du-travail.com\\\/blog\\\/\",\"logo\":{\"@type\":\"ImageObject\",\"inLanguage\":\"fr-FR\",\"@id\":\"https:\\\/\\\/www.bourse-du-travail.com\\\/blog\\\/#\\\/schema\\\/logo\\\/image\\\/\",\"url\":\"https:\\\/\\\/www.bourse-du-travail.com\\\/blog\\\/wp-content\\\/uploads\\\/2017\\\/04\\\/cropped-bourse-du-travail-2.jpg\",\"contentUrl\":\"https:\\\/\\\/www.bourse-du-travail.com\\\/blog\\\/wp-content\\\/uploads\\\/2017\\\/04\\\/cropped-bourse-du-travail-2.jpg\",\"width\":248,\"height\":248,\"caption\":\"Bourse du travail\"},\"image\":{\"@id\":\"https:\\\/\\\/www.bourse-du-travail.com\\\/blog\\\/#\\\/schema\\\/logo\\\/image\\\/\"},\"sameAs\":[\"https:\\\/\\\/www.facebook.com\\\/boursedutravail\"]},{\"@type\":\"Person\",\"@id\":\"https:\\\/\\\/www.bourse-du-travail.com\\\/blog\\\/#\\\/schema\\\/person\\\/9926bb41184b7283fb1ed47808692276\",\"name\":\"Bourse du travail\",\"image\":{\"@type\":\"ImageObject\",\"inLanguage\":\"fr-FR\",\"@id\":\"https:\\\/\\\/secure.gravatar.com\\\/avatar\\\/6aaa2db7c91316f8097aa34158681e8a949b827f2fa1d6a623275606afbb879d?s=96&d=mm&r=g\",\"url\":\"https:\\\/\\\/secure.gravatar.com\\\/avatar\\\/6aaa2db7c91316f8097aa34158681e8a949b827f2fa1d6a623275606afbb879d?s=96&d=mm&r=g\",\"contentUrl\":\"https:\\\/\\\/secure.gravatar.com\\\/avatar\\\/6aaa2db7c91316f8097aa34158681e8a949b827f2fa1d6a623275606afbb879d?s=96&d=mm&r=g\",\"caption\":\"Bourse du travail\"}}]}<\/script>\n<!-- \/ Yoast SEO plugin. -->","yoast_head_json":{"title":"Jean\u2011Jacques Goldman revient : il signe des titres in\u00e9dits pour les Enfoir\u00e9s et le Bleuet de France - Bourse du travail","robots":{"index":"index","follow":"follow","max-snippet":"max-snippet:-1","max-image-preview":"max-image-preview:large","max-video-preview":"max-video-preview:-1"},"canonical":"https:\/\/www.bourse-du-travail.com\/blog\/2025\/07\/03\/jean\u2011jacques-goldman-revient-il-signe-des-titres-inedits-pour-les-enfoires-et-le-bleuet-de-france\/","og_locale":"fr_FR","og_type":"article","og_title":"Jean\u2011Jacques Goldman revient : il signe des titres in\u00e9dits pour les Enfoir\u00e9s et le Bleuet de France - Bourse du travail","og_description":"Goldman signe un retour discret mais fort Jean\u2011Jacques Goldman, retir\u00e9 de la sc\u00e8ne et des m\u00e9dias depuis 2004, a r\u00e9cemment accept\u00e9 de signer plusieurs titres in\u00e9dits. Il contribuera notamment \u00e0 un ou plusieurs morceaux du prochain album des Enfoir\u00e9s, comme l\u2019a annonc\u00e9 la productrice Anne Marcassus. Une interview exclusive \u00e9voque comment il a r\u00e9dig\u00e9 l\u2019un &hellip; Continuer la lecture de Jean\u2011Jacques Goldman revient : il signe des titres in\u00e9dits pour les Enfoir\u00e9s et le Bleuet de France","og_url":"https:\/\/www.bourse-du-travail.com\/blog\/2025\/07\/03\/jean\u2011jacques-goldman-revient-il-signe-des-titres-inedits-pour-les-enfoires-et-le-bleuet-de-france\/","og_site_name":"Bourse du travail","article_publisher":"https:\/\/www.facebook.com\/boursedutravail","article_published_time":"2025-07-03T06:55:18+00:00","article_modified_time":"2025-07-03T06:55:19+00:00","og_image":[{"width":1248,"height":702,"url":"https:\/\/www.bourse-du-travail.com\/blog\/wp-content\/uploads\/2025\/06\/31a6b5568bbb9c350c1b296d9086acf0-1694158957.jpg","type":"image\/jpeg"}],"author":"Bourse du travail","twitter_card":"summary_large_image","twitter_misc":{"\u00c9crit par":"Bourse du travail","Dur\u00e9e de lecture estim\u00e9e":"2 minutes"},"schema":{"@context":"https:\/\/schema.org","@graph":[{"@type":"Article","@id":"https:\/\/www.bourse-du-travail.com\/blog\/2025\/07\/03\/jean%e2%80%91jacques-goldman-revient-il-signe-des-titres-inedits-pour-les-enfoires-et-le-bleuet-de-france\/#article","isPartOf":{"@id":"https:\/\/www.bourse-du-travail.com\/blog\/2025\/07\/03\/jean%e2%80%91jacques-goldman-revient-il-signe-des-titres-inedits-pour-les-enfoires-et-le-bleuet-de-france\/"},"author":{"name":"Bourse du travail","@id":"https:\/\/www.bourse-du-travail.com\/blog\/#\/schema\/person\/9926bb41184b7283fb1ed47808692276"},"headline":"Jean\u2011Jacques Goldman revient : il signe des titres in\u00e9dits pour les Enfoir\u00e9s et le Bleuet de France","datePublished":"2025-07-03T06:55:18+00:00","dateModified":"2025-07-03T06:55:19+00:00","mainEntityOfPage":{"@id":"https:\/\/www.bourse-du-travail.com\/blog\/2025\/07\/03\/jean%e2%80%91jacques-goldman-revient-il-signe-des-titres-inedits-pour-les-enfoires-et-le-bleuet-de-france\/"},"wordCount":389,"commentCount":0,"publisher":{"@id":"https:\/\/www.bourse-du-travail.com\/blog\/#organization"},"image":{"@id":"https:\/\/www.bourse-du-travail.com\/blog\/2025\/07\/03\/jean%e2%80%91jacques-goldman-revient-il-signe-des-titres-inedits-pour-les-enfoires-et-le-bleuet-de-france\/#primaryimage"},"thumbnailUrl":"https:\/\/www.bourse-du-travail.com\/blog\/wp-content\/uploads\/2025\/06\/31a6b5568bbb9c350c1b296d9086acf0-1694158957.jpg","articleSection":["Musique"],"inLanguage":"fr-FR","potentialAction":[{"@type":"CommentAction","name":"Comment","target":["https:\/\/www.bourse-du-travail.com\/blog\/2025\/07\/03\/jean%e2%80%91jacques-goldman-revient-il-signe-des-titres-inedits-pour-les-enfoires-et-le-bleuet-de-france\/#respond"]}]},{"@type":"WebPage","@id":"https:\/\/www.bourse-du-travail.com\/blog\/2025\/07\/03\/jean%e2%80%91jacques-goldman-revient-il-signe-des-titres-inedits-pour-les-enfoires-et-le-bleuet-de-france\/","url":"https:\/\/www.bourse-du-travail.com\/blog\/2025\/07\/03\/jean%e2%80%91jacques-goldman-revient-il-signe-des-titres-inedits-pour-les-enfoires-et-le-bleuet-de-france\/","name":"Jean\u2011Jacques Goldman revient : il signe des titres in\u00e9dits pour les Enfoir\u00e9s et le Bleuet de France - Bourse du travail","isPartOf":{"@id":"https:\/\/www.bourse-du-travail.com\/blog\/#website"},"primaryImageOfPage":{"@id":"https:\/\/www.bourse-du-travail.com\/blog\/2025\/07\/03\/jean%e2%80%91jacques-goldman-revient-il-signe-des-titres-inedits-pour-les-enfoires-et-le-bleuet-de-france\/#primaryimage"},"image":{"@id":"https:\/\/www.bourse-du-travail.com\/blog\/2025\/07\/03\/jean%e2%80%91jacques-goldman-revient-il-signe-des-titres-inedits-pour-les-enfoires-et-le-bleuet-de-france\/#primaryimage"},"thumbnailUrl":"https:\/\/www.bourse-du-travail.com\/blog\/wp-content\/uploads\/2025\/06\/31a6b5568bbb9c350c1b296d9086acf0-1694158957.jpg","datePublished":"2025-07-03T06:55:18+00:00","dateModified":"2025-07-03T06:55:19+00:00","breadcrumb":{"@id":"https:\/\/www.bourse-du-travail.com\/blog\/2025\/07\/03\/jean%e2%80%91jacques-goldman-revient-il-signe-des-titres-inedits-pour-les-enfoires-et-le-bleuet-de-france\/#breadcrumb"},"inLanguage":"fr-FR","potentialAction":[{"@type":"ReadAction","target":["https:\/\/www.bourse-du-travail.com\/blog\/2025\/07\/03\/jean%e2%80%91jacques-goldman-revient-il-signe-des-titres-inedits-pour-les-enfoires-et-le-bleuet-de-france\/"]}]},{"@type":"ImageObject","inLanguage":"fr-FR","@id":"https:\/\/www.bourse-du-travail.com\/blog\/2025\/07\/03\/jean%e2%80%91jacques-goldman-revient-il-signe-des-titres-inedits-pour-les-enfoires-et-le-bleuet-de-france\/#primaryimage","url":"https:\/\/www.bourse-du-travail.com\/blog\/wp-content\/uploads\/2025\/06\/31a6b5568bbb9c350c1b296d9086acf0-1694158957.jpg","contentUrl":"https:\/\/www.bourse-du-travail.com\/blog\/wp-content\/uploads\/2025\/06\/31a6b5568bbb9c350c1b296d9086acf0-1694158957.jpg","width":1248,"height":702},{"@type":"BreadcrumbList","@id":"https:\/\/www.bourse-du-travail.com\/blog\/2025\/07\/03\/jean%e2%80%91jacques-goldman-revient-il-signe-des-titres-inedits-pour-les-enfoires-et-le-bleuet-de-france\/#breadcrumb","itemListElement":[{"@type":"ListItem","position":1,"name":"Accueil","item":"https:\/\/www.bourse-du-travail.com\/blog\/"},{"@type":"ListItem","position":2,"name":"Jean\u2011Jacques Goldman revient : il signe des titres in\u00e9dits pour les Enfoir\u00e9s et le Bleuet de France"}]},{"@type":"WebSite","@id":"https:\/\/www.bourse-du-travail.com\/blog\/#website","url":"https:\/\/www.bourse-du-travail.com\/blog\/","name":"Bourse du travail","description":"Le blog Concerts et Musiques","publisher":{"@id":"https:\/\/www.bourse-du-travail.com\/blog\/#organization"},"potentialAction":[{"@type":"SearchAction","target":{"@type":"EntryPoint","urlTemplate":"https:\/\/www.bourse-du-travail.com\/blog\/?s={search_term_string}"},"query-input":{"@type":"PropertyValueSpecification","valueRequired":true,"valueName":"search_term_string"}}],"inLanguage":"fr-FR"},{"@type":"Organization","@id":"https:\/\/www.bourse-du-travail.com\/blog\/#organization","name":"Bourse du travail","url":"https:\/\/www.bourse-du-travail.com\/blog\/","logo":{"@type":"ImageObject","inLanguage":"fr-FR","@id":"https:\/\/www.bourse-du-travail.com\/blog\/#\/schema\/logo\/image\/","url":"https:\/\/www.bourse-du-travail.com\/blog\/wp-content\/uploads\/2017\/04\/cropped-bourse-du-travail-2.jpg","contentUrl":"https:\/\/www.bourse-du-travail.com\/blog\/wp-content\/uploads\/2017\/04\/cropped-bourse-du-travail-2.jpg","width":248,"height":248,"caption":"Bourse du travail"},"image":{"@id":"https:\/\/www.bourse-du-travail.com\/blog\/#\/schema\/logo\/image\/"},"sameAs":["https:\/\/www.facebook.com\/boursedutravail"]},{"@type":"Person","@id":"https:\/\/www.bourse-du-travail.com\/blog\/#\/schema\/person\/9926bb41184b7283fb1ed47808692276","name":"Bourse du travail","image":{"@type":"ImageObject","inLanguage":"fr-FR","@id":"https:\/\/secure.gravatar.com\/avatar\/6aaa2db7c91316f8097aa34158681e8a949b827f2fa1d6a623275606afbb879d?s=96&d=mm&r=g","url":"https:\/\/secure.gravatar.com\/avatar\/6aaa2db7c91316f8097aa34158681e8a949b827f2fa1d6a623275606afbb879d?s=96&d=mm&r=g","contentUrl":"https:\/\/secure.gravatar.com\/avatar\/6aaa2db7c91316f8097aa34158681e8a949b827f2fa1d6a623275606afbb879d?s=96&d=mm&r=g","caption":"Bourse du travail"}}]}},"_links":{"self":[{"href":"https:\/\/www.bourse-du-travail.com\/blog\/wp-json\/wp\/v2\/posts\/227","targetHints":{"allow":["GET"]}}],"collection":[{"href":"https:\/\/www.bourse-du-travail.com\/blog\/wp-json\/wp\/v2\/posts"}],"about":[{"href":"https:\/\/www.bourse-du-travail.com\/blog\/wp-json\/wp\/v2\/types\/post"}],"author":[{"embeddable":true,"href":"https:\/\/www.bourse-du-travail.com\/blog\/wp-json\/wp\/v2\/users\/1"}],"replies":[{"embeddable":true,"href":"https:\/\/www.bourse-du-travail.com\/blog\/wp-json\/wp\/v2\/comments?post=227"}],"version-history":[{"count":1,"href":"https:\/\/www.bourse-du-travail.com\/blog\/wp-json\/wp\/v2\/posts\/227\/revisions"}],"predecessor-version":[{"id":228,"href":"https:\/\/www.bourse-du-travail.com\/blog\/wp-json\/wp\/v2\/posts\/227\/revisions\/228"}],"wp:featuredmedia":[{"embeddable":true,"href":"https:\/\/www.bourse-du-travail.com\/blog\/wp-json\/wp\/v2\/media\/182"}],"wp:attachment":[{"href":"https:\/\/www.bourse-du-travail.com\/blog\/wp-json\/wp\/v2\/media?parent=227"}],"wp:term":[{"taxonomy":"category","embeddable":true,"href":"https:\/\/www.bourse-du-travail.com\/blog\/wp-json\/wp\/v2\/categories?post=227"},{"taxonomy":"post_tag","embeddable":true,"href":"https:\/\/www.bourse-du-travail.com\/blog\/wp-json\/wp\/v2\/tags?post=227"}],"curies":[{"name":"wp","href":"https:\/\/api.w.org\/{rel}","templated":true}]}}