{"id":219,"date":"2025-06-30T16:22:18","date_gmt":"2025-06-30T14:22:18","guid":{"rendered":"https:\/\/www.bourse-du-travail.com\/blog\/?p=219"},"modified":"2025-06-30T16:22:18","modified_gmt":"2025-06-30T14:22:18","slug":"rejoignez-un-choeur-de-500-voix-pour-reprendre-les-plus-grands-classiques-rock-en-bretagne","status":"publish","type":"post","link":"https:\/\/www.bourse-du-travail.com\/blog\/2025\/06\/30\/rejoignez-un-choeur-de-500-voix-pour-reprendre-les-plus-grands-classiques-rock-en-bretagne\/","title":{"rendered":"Rejoignez un choeur de 500 voix pour reprendre les plus grands classiques rock en Bretagne"},"content":{"rendered":"\n<h2 class=\"wp-block-heading\">Une tourn\u00e9e spectaculaire avec 500 choristes \u00e9tudiants<\/h2>\n\n\n\n<p>Un projet musical in\u00e9dit prend forme en Bretagne : en 2026, dans le cadre des \u00ab 15\u202f000 Voix pour les L\u00e9gendes du Rock \u00bb, deux ch\u0153urs r\u00e9gionaux de 500 choristes chacun seront constitu\u00e9s \u00e0 Vannes et Rennes. L\u2019objectif ? Reprendre en choeur des tubes rock incontournables, de Queen \u00e0 Nirvana, en passant par T\u00e9l\u00e9phone, AC\/DC et U2.<\/p>\n\n\n\n<h2 class=\"wp-block-heading\">Rennes et Vannes en qu\u00eate de voix amateurs<\/h2>\n\n\n\n<p>Le 29 juin 2025, \u00e0 Rennes, les organisateurs ont lanc\u00e9 un appel pour recruter 500 chanteurs amateurs pr\u00eats \u00e0 rejoindre le ch\u0153ur local. Les r\u00e9p\u00e9titions d\u00e9buteront en septembre, afin de pr\u00e9parer la prestation pr\u00e9vue le 10 janvier 2026 \u00e0 la Glaz Arena. Vannes suivra le m\u00eame mod\u00e8le, avec une date programm\u00e9e au m\u00eame moment, ouvrant ses portes aux passionn\u00e9s de rock de tout \u00e2ge et de tout niveau.<\/p>\n\n\n\n<h2 class=\"wp-block-heading\">Des tubes rock repris en ch\u0153ur dans les ar\u00e8nes bretonnes<\/h2>\n\n\n\n<p>Les participants auront la chance de monter sur sc\u00e8ne pour un programme riche en classiques du rock\u2009: Queen, The Rolling Stones, Indochine, Johnny Hallyday, AC\/DC, Nirvana\u2026 Autant de titres intemporels qui r\u00e9sonneront avec force dans des salles comme la Glaz Arena, devant plusieurs milliers de spectateurs.<\/p>\n\n\n\n<h2 class=\"wp-block-heading\">Une aventure humaine et musicale collective<\/h2>\n\n\n\n<p>Plus qu\u2019un simple concert, ce projet se veut une aventure humaine. Amateurs et passionn\u00e9s se retrouveront pour partager la joie du chant en groupe. Les r\u00e9p\u00e9titions hebdomadaires promettent des instants de coh\u00e9sion, de transmission et de plaisir musical, avant un grand moment de communion sc\u00e9nique pour la F\u00eate de la Musique 2026.<\/p>\n\n\n\n<h2 class=\"wp-block-heading\">Comment s\u2019impliquer d\u00e8s maintenant ?<\/h2>\n\n\n\n<p>Les inscriptions sont ouvertes d\u00e8s aujourd\u2019hui pour les choristes amateurs de la r\u00e9gion. Sans condition de niveau, l\u2019appel est lanc\u00e9 \u00e0 tous ceux qui souhaitent vivre cette exp\u00e9rience hors du commun : chanter des morceaux l\u00e9gendaires sur sc\u00e8ne, entour\u00e9s de centaines de voix engag\u00e9es, dans une ambiance festive garantie.<\/p>\n","protected":false},"excerpt":{"rendered":"<p>Une tourn\u00e9e spectaculaire avec 500 choristes \u00e9tudiants Un projet musical in\u00e9dit prend forme en Bretagne : en 2026, dans le cadre des \u00ab 15\u202f000 Voix pour les L\u00e9gendes du Rock \u00bb, deux ch\u0153urs r\u00e9gionaux de 500 choristes chacun seront constitu\u00e9s \u00e0 Vannes et Rennes. L\u2019objectif ? Reprendre en choeur des tubes rock incontournables, de Queen &hellip; <a href=\"https:\/\/www.bourse-du-travail.com\/blog\/2025\/06\/30\/rejoignez-un-choeur-de-500-voix-pour-reprendre-les-plus-grands-classiques-rock-en-bretagne\/\" class=\"more-link\">Continuer la lecture de <span class=\"screen-reader-text\">Rejoignez un choeur de 500 voix pour reprendre les plus grands classiques rock en Bretagne<\/span><\/a><\/p>\n","protected":false},"author":1,"featured_media":220,"comment_status":"open","ping_status":"open","sticky":false,"template":"","format":"standard","meta":{"footnotes":""},"categories":[7],"tags":[],"class_list":["post-219","post","type-post","status-publish","format-standard","has-post-thumbnail","hentry","category-musique"],"yoast_head":"<!-- This site is optimized with the Yoast SEO plugin v27.5 - https:\/\/yoast.com\/product\/yoast-seo-wordpress\/ -->\n<title>Rejoignez un choeur de 500 voix pour reprendre les plus grands classiques rock en Bretagne - Bourse du travail<\/title>\n<meta name=\"robots\" content=\"index, follow, max-snippet:-1, max-image-preview:large, max-video-preview:-1\" \/>\n<link rel=\"canonical\" href=\"https:\/\/www.bourse-du-travail.com\/blog\/2025\/06\/30\/rejoignez-un-choeur-de-500-voix-pour-reprendre-les-plus-grands-classiques-rock-en-bretagne\/\" \/>\n<meta property=\"og:locale\" content=\"fr_FR\" \/>\n<meta property=\"og:type\" content=\"article\" \/>\n<meta property=\"og:title\" content=\"Rejoignez un choeur de 500 voix pour reprendre les plus grands classiques rock en Bretagne - Bourse du travail\" \/>\n<meta property=\"og:description\" content=\"Une tourn\u00e9e spectaculaire avec 500 choristes \u00e9tudiants Un projet musical in\u00e9dit prend forme en Bretagne : en 2026, dans le cadre des \u00ab 15\u202f000 Voix pour les L\u00e9gendes du Rock \u00bb, deux ch\u0153urs r\u00e9gionaux de 500 choristes chacun seront constitu\u00e9s \u00e0 Vannes et Rennes. L\u2019objectif ? Reprendre en choeur des tubes rock incontournables, de Queen &hellip; Continuer la lecture de Rejoignez un choeur de 500 voix pour reprendre les plus grands classiques rock en Bretagne\" \/>\n<meta property=\"og:url\" content=\"https:\/\/www.bourse-du-travail.com\/blog\/2025\/06\/30\/rejoignez-un-choeur-de-500-voix-pour-reprendre-les-plus-grands-classiques-rock-en-bretagne\/\" \/>\n<meta property=\"og:site_name\" content=\"Bourse du travail\" \/>\n<meta property=\"article:publisher\" content=\"https:\/\/www.facebook.com\/boursedutravail\" \/>\n<meta property=\"article:published_time\" content=\"2025-06-30T14:22:18+00:00\" \/>\n<meta property=\"og:image\" content=\"https:\/\/www.bourse-du-travail.com\/blog\/wp-content\/uploads\/2025\/06\/500.webp\" \/>\n\t<meta property=\"og:image:width\" content=\"1200\" \/>\n\t<meta property=\"og:image:height\" content=\"680\" \/>\n\t<meta property=\"og:image:type\" content=\"image\/webp\" \/>\n<meta name=\"author\" content=\"Bourse du travail\" \/>\n<meta name=\"twitter:card\" content=\"summary_large_image\" \/>\n<meta name=\"twitter:label1\" content=\"\u00c9crit par\" \/>\n\t<meta name=\"twitter:data1\" content=\"Bourse du travail\" \/>\n\t<meta name=\"twitter:label2\" content=\"Dur\u00e9e de lecture estim\u00e9e\" \/>\n\t<meta name=\"twitter:data2\" content=\"2 minutes\" \/>\n<script type=\"application\/ld+json\" class=\"yoast-schema-graph\">{\"@context\":\"https:\\\/\\\/schema.org\",\"@graph\":[{\"@type\":\"Article\",\"@id\":\"https:\\\/\\\/www.bourse-du-travail.com\\\/blog\\\/2025\\\/06\\\/30\\\/rejoignez-un-choeur-de-500-voix-pour-reprendre-les-plus-grands-classiques-rock-en-bretagne\\\/#article\",\"isPartOf\":{\"@id\":\"https:\\\/\\\/www.bourse-du-travail.com\\\/blog\\\/2025\\\/06\\\/30\\\/rejoignez-un-choeur-de-500-voix-pour-reprendre-les-plus-grands-classiques-rock-en-bretagne\\\/\"},\"author\":{\"name\":\"Bourse du travail\",\"@id\":\"https:\\\/\\\/www.bourse-du-travail.com\\\/blog\\\/#\\\/schema\\\/person\\\/9926bb41184b7283fb1ed47808692276\"},\"headline\":\"Rejoignez un choeur de 500 voix pour reprendre les plus grands classiques rock en Bretagne\",\"datePublished\":\"2025-06-30T14:22:18+00:00\",\"mainEntityOfPage\":{\"@id\":\"https:\\\/\\\/www.bourse-du-travail.com\\\/blog\\\/2025\\\/06\\\/30\\\/rejoignez-un-choeur-de-500-voix-pour-reprendre-les-plus-grands-classiques-rock-en-bretagne\\\/\"},\"wordCount\":346,\"commentCount\":0,\"publisher\":{\"@id\":\"https:\\\/\\\/www.bourse-du-travail.com\\\/blog\\\/#organization\"},\"image\":{\"@id\":\"https:\\\/\\\/www.bourse-du-travail.com\\\/blog\\\/2025\\\/06\\\/30\\\/rejoignez-un-choeur-de-500-voix-pour-reprendre-les-plus-grands-classiques-rock-en-bretagne\\\/#primaryimage\"},\"thumbnailUrl\":\"https:\\\/\\\/www.bourse-du-travail.com\\\/blog\\\/wp-content\\\/uploads\\\/2025\\\/06\\\/500.webp\",\"articleSection\":[\"Musique\"],\"inLanguage\":\"fr-FR\",\"potentialAction\":[{\"@type\":\"CommentAction\",\"name\":\"Comment\",\"target\":[\"https:\\\/\\\/www.bourse-du-travail.com\\\/blog\\\/2025\\\/06\\\/30\\\/rejoignez-un-choeur-de-500-voix-pour-reprendre-les-plus-grands-classiques-rock-en-bretagne\\\/#respond\"]}]},{\"@type\":\"WebPage\",\"@id\":\"https:\\\/\\\/www.bourse-du-travail.com\\\/blog\\\/2025\\\/06\\\/30\\\/rejoignez-un-choeur-de-500-voix-pour-reprendre-les-plus-grands-classiques-rock-en-bretagne\\\/\",\"url\":\"https:\\\/\\\/www.bourse-du-travail.com\\\/blog\\\/2025\\\/06\\\/30\\\/rejoignez-un-choeur-de-500-voix-pour-reprendre-les-plus-grands-classiques-rock-en-bretagne\\\/\",\"name\":\"Rejoignez un choeur de 500 voix pour reprendre les plus grands classiques rock en Bretagne - Bourse du travail\",\"isPartOf\":{\"@id\":\"https:\\\/\\\/www.bourse-du-travail.com\\\/blog\\\/#website\"},\"primaryImageOfPage\":{\"@id\":\"https:\\\/\\\/www.bourse-du-travail.com\\\/blog\\\/2025\\\/06\\\/30\\\/rejoignez-un-choeur-de-500-voix-pour-reprendre-les-plus-grands-classiques-rock-en-bretagne\\\/#primaryimage\"},\"image\":{\"@id\":\"https:\\\/\\\/www.bourse-du-travail.com\\\/blog\\\/2025\\\/06\\\/30\\\/rejoignez-un-choeur-de-500-voix-pour-reprendre-les-plus-grands-classiques-rock-en-bretagne\\\/#primaryimage\"},\"thumbnailUrl\":\"https:\\\/\\\/www.bourse-du-travail.com\\\/blog\\\/wp-content\\\/uploads\\\/2025\\\/06\\\/500.webp\",\"datePublished\":\"2025-06-30T14:22:18+00:00\",\"breadcrumb\":{\"@id\":\"https:\\\/\\\/www.bourse-du-travail.com\\\/blog\\\/2025\\\/06\\\/30\\\/rejoignez-un-choeur-de-500-voix-pour-reprendre-les-plus-grands-classiques-rock-en-bretagne\\\/#breadcrumb\"},\"inLanguage\":\"fr-FR\",\"potentialAction\":[{\"@type\":\"ReadAction\",\"target\":[\"https:\\\/\\\/www.bourse-du-travail.com\\\/blog\\\/2025\\\/06\\\/30\\\/rejoignez-un-choeur-de-500-voix-pour-reprendre-les-plus-grands-classiques-rock-en-bretagne\\\/\"]}]},{\"@type\":\"ImageObject\",\"inLanguage\":\"fr-FR\",\"@id\":\"https:\\\/\\\/www.bourse-du-travail.com\\\/blog\\\/2025\\\/06\\\/30\\\/rejoignez-un-choeur-de-500-voix-pour-reprendre-les-plus-grands-classiques-rock-en-bretagne\\\/#primaryimage\",\"url\":\"https:\\\/\\\/www.bourse-du-travail.com\\\/blog\\\/wp-content\\\/uploads\\\/2025\\\/06\\\/500.webp\",\"contentUrl\":\"https:\\\/\\\/www.bourse-du-travail.com\\\/blog\\\/wp-content\\\/uploads\\\/2025\\\/06\\\/500.webp\",\"width\":1200,\"height\":680},{\"@type\":\"BreadcrumbList\",\"@id\":\"https:\\\/\\\/www.bourse-du-travail.com\\\/blog\\\/2025\\\/06\\\/30\\\/rejoignez-un-choeur-de-500-voix-pour-reprendre-les-plus-grands-classiques-rock-en-bretagne\\\/#breadcrumb\",\"itemListElement\":[{\"@type\":\"ListItem\",\"position\":1,\"name\":\"Accueil\",\"item\":\"https:\\\/\\\/www.bourse-du-travail.com\\\/blog\\\/\"},{\"@type\":\"ListItem\",\"position\":2,\"name\":\"Rejoignez un choeur de 500 voix pour reprendre les plus grands classiques rock en Bretagne\"}]},{\"@type\":\"WebSite\",\"@id\":\"https:\\\/\\\/www.bourse-du-travail.com\\\/blog\\\/#website\",\"url\":\"https:\\\/\\\/www.bourse-du-travail.com\\\/blog\\\/\",\"name\":\"Bourse du travail\",\"description\":\"Le blog Concerts et Musiques\",\"publisher\":{\"@id\":\"https:\\\/\\\/www.bourse-du-travail.com\\\/blog\\\/#organization\"},\"potentialAction\":[{\"@type\":\"SearchAction\",\"target\":{\"@type\":\"EntryPoint\",\"urlTemplate\":\"https:\\\/\\\/www.bourse-du-travail.com\\\/blog\\\/?s={search_term_string}\"},\"query-input\":{\"@type\":\"PropertyValueSpecification\",\"valueRequired\":true,\"valueName\":\"search_term_string\"}}],\"inLanguage\":\"fr-FR\"},{\"@type\":\"Organization\",\"@id\":\"https:\\\/\\\/www.bourse-du-travail.com\\\/blog\\\/#organization\",\"name\":\"Bourse du travail\",\"url\":\"https:\\\/\\\/www.bourse-du-travail.com\\\/blog\\\/\",\"logo\":{\"@type\":\"ImageObject\",\"inLanguage\":\"fr-FR\",\"@id\":\"https:\\\/\\\/www.bourse-du-travail.com\\\/blog\\\/#\\\/schema\\\/logo\\\/image\\\/\",\"url\":\"https:\\\/\\\/www.bourse-du-travail.com\\\/blog\\\/wp-content\\\/uploads\\\/2017\\\/04\\\/cropped-bourse-du-travail-2.jpg\",\"contentUrl\":\"https:\\\/\\\/www.bourse-du-travail.com\\\/blog\\\/wp-content\\\/uploads\\\/2017\\\/04\\\/cropped-bourse-du-travail-2.jpg\",\"width\":248,\"height\":248,\"caption\":\"Bourse du travail\"},\"image\":{\"@id\":\"https:\\\/\\\/www.bourse-du-travail.com\\\/blog\\\/#\\\/schema\\\/logo\\\/image\\\/\"},\"sameAs\":[\"https:\\\/\\\/www.facebook.com\\\/boursedutravail\"]},{\"@type\":\"Person\",\"@id\":\"https:\\\/\\\/www.bourse-du-travail.com\\\/blog\\\/#\\\/schema\\\/person\\\/9926bb41184b7283fb1ed47808692276\",\"name\":\"Bourse du travail\",\"image\":{\"@type\":\"ImageObject\",\"inLanguage\":\"fr-FR\",\"@id\":\"https:\\\/\\\/secure.gravatar.com\\\/avatar\\\/6aaa2db7c91316f8097aa34158681e8a949b827f2fa1d6a623275606afbb879d?s=96&d=mm&r=g\",\"url\":\"https:\\\/\\\/secure.gravatar.com\\\/avatar\\\/6aaa2db7c91316f8097aa34158681e8a949b827f2fa1d6a623275606afbb879d?s=96&d=mm&r=g\",\"contentUrl\":\"https:\\\/\\\/secure.gravatar.com\\\/avatar\\\/6aaa2db7c91316f8097aa34158681e8a949b827f2fa1d6a623275606afbb879d?s=96&d=mm&r=g\",\"caption\":\"Bourse du travail\"}}]}<\/script>\n<!-- \/ Yoast SEO plugin. -->","yoast_head_json":{"title":"Rejoignez un choeur de 500 voix pour reprendre les plus grands classiques rock en Bretagne - Bourse du travail","robots":{"index":"index","follow":"follow","max-snippet":"max-snippet:-1","max-image-preview":"max-image-preview:large","max-video-preview":"max-video-preview:-1"},"canonical":"https:\/\/www.bourse-du-travail.com\/blog\/2025\/06\/30\/rejoignez-un-choeur-de-500-voix-pour-reprendre-les-plus-grands-classiques-rock-en-bretagne\/","og_locale":"fr_FR","og_type":"article","og_title":"Rejoignez un choeur de 500 voix pour reprendre les plus grands classiques rock en Bretagne - Bourse du travail","og_description":"Une tourn\u00e9e spectaculaire avec 500 choristes \u00e9tudiants Un projet musical in\u00e9dit prend forme en Bretagne : en 2026, dans le cadre des \u00ab 15\u202f000 Voix pour les L\u00e9gendes du Rock \u00bb, deux ch\u0153urs r\u00e9gionaux de 500 choristes chacun seront constitu\u00e9s \u00e0 Vannes et Rennes. L\u2019objectif ? Reprendre en choeur des tubes rock incontournables, de Queen &hellip; Continuer la lecture de Rejoignez un choeur de 500 voix pour reprendre les plus grands classiques rock en Bretagne","og_url":"https:\/\/www.bourse-du-travail.com\/blog\/2025\/06\/30\/rejoignez-un-choeur-de-500-voix-pour-reprendre-les-plus-grands-classiques-rock-en-bretagne\/","og_site_name":"Bourse du travail","article_publisher":"https:\/\/www.facebook.com\/boursedutravail","article_published_time":"2025-06-30T14:22:18+00:00","og_image":[{"width":1200,"height":680,"url":"https:\/\/www.bourse-du-travail.com\/blog\/wp-content\/uploads\/2025\/06\/500.webp","type":"image\/webp"}],"author":"Bourse du travail","twitter_card":"summary_large_image","twitter_misc":{"\u00c9crit par":"Bourse du travail","Dur\u00e9e de lecture estim\u00e9e":"2 minutes"},"schema":{"@context":"https:\/\/schema.org","@graph":[{"@type":"Article","@id":"https:\/\/www.bourse-du-travail.com\/blog\/2025\/06\/30\/rejoignez-un-choeur-de-500-voix-pour-reprendre-les-plus-grands-classiques-rock-en-bretagne\/#article","isPartOf":{"@id":"https:\/\/www.bourse-du-travail.com\/blog\/2025\/06\/30\/rejoignez-un-choeur-de-500-voix-pour-reprendre-les-plus-grands-classiques-rock-en-bretagne\/"},"author":{"name":"Bourse du travail","@id":"https:\/\/www.bourse-du-travail.com\/blog\/#\/schema\/person\/9926bb41184b7283fb1ed47808692276"},"headline":"Rejoignez un choeur de 500 voix pour reprendre les plus grands classiques rock en Bretagne","datePublished":"2025-06-30T14:22:18+00:00","mainEntityOfPage":{"@id":"https:\/\/www.bourse-du-travail.com\/blog\/2025\/06\/30\/rejoignez-un-choeur-de-500-voix-pour-reprendre-les-plus-grands-classiques-rock-en-bretagne\/"},"wordCount":346,"commentCount":0,"publisher":{"@id":"https:\/\/www.bourse-du-travail.com\/blog\/#organization"},"image":{"@id":"https:\/\/www.bourse-du-travail.com\/blog\/2025\/06\/30\/rejoignez-un-choeur-de-500-voix-pour-reprendre-les-plus-grands-classiques-rock-en-bretagne\/#primaryimage"},"thumbnailUrl":"https:\/\/www.bourse-du-travail.com\/blog\/wp-content\/uploads\/2025\/06\/500.webp","articleSection":["Musique"],"inLanguage":"fr-FR","potentialAction":[{"@type":"CommentAction","name":"Comment","target":["https:\/\/www.bourse-du-travail.com\/blog\/2025\/06\/30\/rejoignez-un-choeur-de-500-voix-pour-reprendre-les-plus-grands-classiques-rock-en-bretagne\/#respond"]}]},{"@type":"WebPage","@id":"https:\/\/www.bourse-du-travail.com\/blog\/2025\/06\/30\/rejoignez-un-choeur-de-500-voix-pour-reprendre-les-plus-grands-classiques-rock-en-bretagne\/","url":"https:\/\/www.bourse-du-travail.com\/blog\/2025\/06\/30\/rejoignez-un-choeur-de-500-voix-pour-reprendre-les-plus-grands-classiques-rock-en-bretagne\/","name":"Rejoignez un choeur de 500 voix pour reprendre les plus grands classiques rock en Bretagne - Bourse du travail","isPartOf":{"@id":"https:\/\/www.bourse-du-travail.com\/blog\/#website"},"primaryImageOfPage":{"@id":"https:\/\/www.bourse-du-travail.com\/blog\/2025\/06\/30\/rejoignez-un-choeur-de-500-voix-pour-reprendre-les-plus-grands-classiques-rock-en-bretagne\/#primaryimage"},"image":{"@id":"https:\/\/www.bourse-du-travail.com\/blog\/2025\/06\/30\/rejoignez-un-choeur-de-500-voix-pour-reprendre-les-plus-grands-classiques-rock-en-bretagne\/#primaryimage"},"thumbnailUrl":"https:\/\/www.bourse-du-travail.com\/blog\/wp-content\/uploads\/2025\/06\/500.webp","datePublished":"2025-06-30T14:22:18+00:00","breadcrumb":{"@id":"https:\/\/www.bourse-du-travail.com\/blog\/2025\/06\/30\/rejoignez-un-choeur-de-500-voix-pour-reprendre-les-plus-grands-classiques-rock-en-bretagne\/#breadcrumb"},"inLanguage":"fr-FR","potentialAction":[{"@type":"ReadAction","target":["https:\/\/www.bourse-du-travail.com\/blog\/2025\/06\/30\/rejoignez-un-choeur-de-500-voix-pour-reprendre-les-plus-grands-classiques-rock-en-bretagne\/"]}]},{"@type":"ImageObject","inLanguage":"fr-FR","@id":"https:\/\/www.bourse-du-travail.com\/blog\/2025\/06\/30\/rejoignez-un-choeur-de-500-voix-pour-reprendre-les-plus-grands-classiques-rock-en-bretagne\/#primaryimage","url":"https:\/\/www.bourse-du-travail.com\/blog\/wp-content\/uploads\/2025\/06\/500.webp","contentUrl":"https:\/\/www.bourse-du-travail.com\/blog\/wp-content\/uploads\/2025\/06\/500.webp","width":1200,"height":680},{"@type":"BreadcrumbList","@id":"https:\/\/www.bourse-du-travail.com\/blog\/2025\/06\/30\/rejoignez-un-choeur-de-500-voix-pour-reprendre-les-plus-grands-classiques-rock-en-bretagne\/#breadcrumb","itemListElement":[{"@type":"ListItem","position":1,"name":"Accueil","item":"https:\/\/www.bourse-du-travail.com\/blog\/"},{"@type":"ListItem","position":2,"name":"Rejoignez un choeur de 500 voix pour reprendre les plus grands classiques rock en Bretagne"}]},{"@type":"WebSite","@id":"https:\/\/www.bourse-du-travail.com\/blog\/#website","url":"https:\/\/www.bourse-du-travail.com\/blog\/","name":"Bourse du travail","description":"Le blog Concerts et Musiques","publisher":{"@id":"https:\/\/www.bourse-du-travail.com\/blog\/#organization"},"potentialAction":[{"@type":"SearchAction","target":{"@type":"EntryPoint","urlTemplate":"https:\/\/www.bourse-du-travail.com\/blog\/?s={search_term_string}"},"query-input":{"@type":"PropertyValueSpecification","valueRequired":true,"valueName":"search_term_string"}}],"inLanguage":"fr-FR"},{"@type":"Organization","@id":"https:\/\/www.bourse-du-travail.com\/blog\/#organization","name":"Bourse du travail","url":"https:\/\/www.bourse-du-travail.com\/blog\/","logo":{"@type":"ImageObject","inLanguage":"fr-FR","@id":"https:\/\/www.bourse-du-travail.com\/blog\/#\/schema\/logo\/image\/","url":"https:\/\/www.bourse-du-travail.com\/blog\/wp-content\/uploads\/2017\/04\/cropped-bourse-du-travail-2.jpg","contentUrl":"https:\/\/www.bourse-du-travail.com\/blog\/wp-content\/uploads\/2017\/04\/cropped-bourse-du-travail-2.jpg","width":248,"height":248,"caption":"Bourse du travail"},"image":{"@id":"https:\/\/www.bourse-du-travail.com\/blog\/#\/schema\/logo\/image\/"},"sameAs":["https:\/\/www.facebook.com\/boursedutravail"]},{"@type":"Person","@id":"https:\/\/www.bourse-du-travail.com\/blog\/#\/schema\/person\/9926bb41184b7283fb1ed47808692276","name":"Bourse du travail","image":{"@type":"ImageObject","inLanguage":"fr-FR","@id":"https:\/\/secure.gravatar.com\/avatar\/6aaa2db7c91316f8097aa34158681e8a949b827f2fa1d6a623275606afbb879d?s=96&d=mm&r=g","url":"https:\/\/secure.gravatar.com\/avatar\/6aaa2db7c91316f8097aa34158681e8a949b827f2fa1d6a623275606afbb879d?s=96&d=mm&r=g","contentUrl":"https:\/\/secure.gravatar.com\/avatar\/6aaa2db7c91316f8097aa34158681e8a949b827f2fa1d6a623275606afbb879d?s=96&d=mm&r=g","caption":"Bourse du travail"}}]}},"_links":{"self":[{"href":"https:\/\/www.bourse-du-travail.com\/blog\/wp-json\/wp\/v2\/posts\/219","targetHints":{"allow":["GET"]}}],"collection":[{"href":"https:\/\/www.bourse-du-travail.com\/blog\/wp-json\/wp\/v2\/posts"}],"about":[{"href":"https:\/\/www.bourse-du-travail.com\/blog\/wp-json\/wp\/v2\/types\/post"}],"author":[{"embeddable":true,"href":"https:\/\/www.bourse-du-travail.com\/blog\/wp-json\/wp\/v2\/users\/1"}],"replies":[{"embeddable":true,"href":"https:\/\/www.bourse-du-travail.com\/blog\/wp-json\/wp\/v2\/comments?post=219"}],"version-history":[{"count":1,"href":"https:\/\/www.bourse-du-travail.com\/blog\/wp-json\/wp\/v2\/posts\/219\/revisions"}],"predecessor-version":[{"id":221,"href":"https:\/\/www.bourse-du-travail.com\/blog\/wp-json\/wp\/v2\/posts\/219\/revisions\/221"}],"wp:featuredmedia":[{"embeddable":true,"href":"https:\/\/www.bourse-du-travail.com\/blog\/wp-json\/wp\/v2\/media\/220"}],"wp:attachment":[{"href":"https:\/\/www.bourse-du-travail.com\/blog\/wp-json\/wp\/v2\/media?parent=219"}],"wp:term":[{"taxonomy":"category","embeddable":true,"href":"https:\/\/www.bourse-du-travail.com\/blog\/wp-json\/wp\/v2\/categories?post=219"},{"taxonomy":"post_tag","embeddable":true,"href":"https:\/\/www.bourse-du-travail.com\/blog\/wp-json\/wp\/v2\/tags?post=219"}],"curies":[{"name":"wp","href":"https:\/\/api.w.org\/{rel}","templated":true}]}}