{"id":215,"date":"2025-06-27T10:21:37","date_gmt":"2025-06-27T08:21:37","guid":{"rendered":"https:\/\/www.bourse-du-travail.com\/blog\/?p=215"},"modified":"2025-06-27T10:21:38","modified_gmt":"2025-06-27T08:21:38","slug":"chantal-goya-lance-un-appel-son-costume-iconique-de-pandi-panda-a-disparu","status":"publish","type":"post","link":"https:\/\/www.bourse-du-travail.com\/blog\/2025\/06\/27\/chantal-goya-lance-un-appel-son-costume-iconique-de-pandi-panda-a-disparu\/","title":{"rendered":"Chantal Goya lance un appel : son costume iconique de \u00ab\u202fPandi Panda\u202f\u00bb a disparu"},"content":{"rendered":"\n<h2 class=\"wp-block-heading\">Le costume de Pandi Panda s\u2019est volatilis\u00e9<\/h2>\n\n\n\n<p>Apr\u00e8s un gala fin avril \u00e0 Sausheim, pr\u00e8s de Mulhouse (Haut-Rhin), Chantal Goya a d\u00e9couvert la disparition de son costume symbolique du personnage Pandi Panda. Ce costume, utilis\u00e9 sur sc\u00e8ne par la chanteuse depuis 1984, est indispensable \u00e0 l\u2019interpr\u00e9tation de son c\u00e9l\u00e8bre tube pour enfants, \u00ab\u202fPandi Panda\u202f\u00bb. Sans lui, elle explique ne plus pouvoir chanter ce morceau embl\u00e9matique.<\/p>\n\n\n\n<h2 class=\"wp-block-heading\">Une star en qu\u00eate de t\u00e9moignages<\/h2>\n\n\n\n<p>\u00c0 83 ans, Chantal Goya a lanc\u00e9 un appel aux t\u00e9moins via TikTok et sur ses r\u00e9seaux sociaux, suppliant quiconque poss\u00e8de une information sur la localisation du costume de se faire conna\u00eetre. Son message \u00e9mouvant insiste sur la valeur symbolique de Pandi Panda : \u00ab\u202fAidez-moi \u00e0 le retrouver tr\u00e8s vite pour tous les enfants de France, de Belgique, du Liban, et tous ceux qui l\u2019aiment comme moi\u202f\u00bb.<\/p>\n\n\n\n<h2 class=\"wp-block-heading\">Un personnage aim\u00e9 depuis 40 ans<\/h2>\n\n\n\n<p>Pandi Panda n\u2019est pas qu\u2019un simple d\u00e9guisement : il est un personnage cher au c\u0153ur de plusieurs g\u00e9n\u00e9rations. Cr\u00e9\u00e9 en 1984 par Chantal Goya et son mari Jean-Jacques Debout, associ\u00e9 \u00e0 la chanson \u00ab\u202fPandi Panda\u202f\u00bb issue de l\u2019album *Snoopy \u2013 Pandi Panda*, ce costume symbolise l\u2019engagement de l\u2019artiste pour la sensibilisation \u00e0 l\u2019environnement et la protection des pandas.<\/p>\n\n\n\n<h2 class=\"wp-block-heading\">Une disparition qui inqui\u00e8te pour la tourn\u00e9e<\/h2>\n\n\n\n<p>La disparition du costume a eu des cons\u00e9quences imm\u00e9diates : priv\u00e9 de Pandi Panda, le public belge pr\u00e9sent \u00e0 Solre-sur-Sambre n\u2019a pas pu assister \u00e0 ce moment phare du spectacle. Face \u00e0 l\u2019urgence, les producteurs ont d\u00fb acqu\u00e9rir un costume de secours avant un concert au Palais des Congr\u00e8s \u00e0 Paris, dans l\u2019espoir que le v\u00e9ritable Pandi Panda revienne bient\u00f4t.<\/p>\n\n\n\n<h2 class=\"wp-block-heading\">Un geste symbolique envers l\u2019environnement<\/h2>\n\n\n\n<p>Au-del\u00e0 du d\u00e9guisement, Pandi Panda incarne le message \u00e9cologique de Chantal Goya. Lors de ses spectacles, elle rappelle aux enfants l\u2019importance de prot\u00e9ger les pandas et, par extension, la plan\u00e8te. Le vol du costume touche ainsi une mission p\u00e9dagogique : pour Goya, retrouver Pandi Panda, c\u2019est aussi pr\u00e9server son message de sensibilisation aupr\u00e8s des jeunes g\u00e9n\u00e9rations.<\/p>\n","protected":false},"excerpt":{"rendered":"<p>Le costume de Pandi Panda s\u2019est volatilis\u00e9 Apr\u00e8s un gala fin avril \u00e0 Sausheim, pr\u00e8s de Mulhouse (Haut-Rhin), Chantal Goya a d\u00e9couvert la disparition de son costume symbolique du personnage Pandi Panda. Ce costume, utilis\u00e9 sur sc\u00e8ne par la chanteuse depuis 1984, est indispensable \u00e0 l\u2019interpr\u00e9tation de son c\u00e9l\u00e8bre tube pour enfants, \u00ab\u202fPandi Panda\u202f\u00bb. Sans &hellip; <a href=\"https:\/\/www.bourse-du-travail.com\/blog\/2025\/06\/27\/chantal-goya-lance-un-appel-son-costume-iconique-de-pandi-panda-a-disparu\/\" class=\"more-link\">Continuer la lecture de <span class=\"screen-reader-text\">Chantal Goya lance un appel : son costume iconique de \u00ab\u202fPandi Panda\u202f\u00bb a disparu<\/span><\/a><\/p>\n","protected":false},"author":1,"featured_media":216,"comment_status":"open","ping_status":"open","sticky":false,"template":"","format":"standard","meta":{"footnotes":""},"categories":[7],"tags":[],"class_list":["post-215","post","type-post","status-publish","format-standard","has-post-thumbnail","hentry","category-musique"],"yoast_head":"<!-- This site is optimized with the Yoast SEO plugin v27.5 - https:\/\/yoast.com\/product\/yoast-seo-wordpress\/ -->\n<title>Chantal Goya lance un appel : son costume iconique de \u00ab\u202fPandi Panda\u202f\u00bb a disparu - Bourse du travail<\/title>\n<meta name=\"robots\" content=\"index, follow, max-snippet:-1, max-image-preview:large, max-video-preview:-1\" \/>\n<link rel=\"canonical\" href=\"https:\/\/www.bourse-du-travail.com\/blog\/2025\/06\/27\/chantal-goya-lance-un-appel-son-costume-iconique-de-pandi-panda-a-disparu\/\" \/>\n<meta property=\"og:locale\" content=\"fr_FR\" \/>\n<meta property=\"og:type\" content=\"article\" \/>\n<meta property=\"og:title\" content=\"Chantal Goya lance un appel : son costume iconique de \u00ab\u202fPandi Panda\u202f\u00bb a disparu - Bourse du travail\" \/>\n<meta property=\"og:description\" content=\"Le costume de Pandi Panda s\u2019est volatilis\u00e9 Apr\u00e8s un gala fin avril \u00e0 Sausheim, pr\u00e8s de Mulhouse (Haut-Rhin), Chantal Goya a d\u00e9couvert la disparition de son costume symbolique du personnage Pandi Panda. Ce costume, utilis\u00e9 sur sc\u00e8ne par la chanteuse depuis 1984, est indispensable \u00e0 l\u2019interpr\u00e9tation de son c\u00e9l\u00e8bre tube pour enfants, \u00ab\u202fPandi Panda\u202f\u00bb. Sans &hellip; Continuer la lecture de Chantal Goya lance un appel : son costume iconique de \u00ab\u202fPandi Panda\u202f\u00bb a disparu\" \/>\n<meta property=\"og:url\" content=\"https:\/\/www.bourse-du-travail.com\/blog\/2025\/06\/27\/chantal-goya-lance-un-appel-son-costume-iconique-de-pandi-panda-a-disparu\/\" \/>\n<meta property=\"og:site_name\" content=\"Bourse du travail\" \/>\n<meta property=\"article:publisher\" content=\"https:\/\/www.facebook.com\/boursedutravail\" \/>\n<meta property=\"article:published_time\" content=\"2025-06-27T08:21:37+00:00\" \/>\n<meta property=\"article:modified_time\" content=\"2025-06-27T08:21:38+00:00\" \/>\n<meta property=\"og:image\" content=\"https:\/\/www.bourse-du-travail.com\/blog\/wp-content\/uploads\/2025\/06\/chantal.jpg\" \/>\n\t<meta property=\"og:image:width\" content=\"1000\" \/>\n\t<meta property=\"og:image:height\" content=\"500\" \/>\n\t<meta property=\"og:image:type\" content=\"image\/jpeg\" \/>\n<meta name=\"author\" content=\"Bourse du travail\" \/>\n<meta name=\"twitter:card\" content=\"summary_large_image\" \/>\n<meta name=\"twitter:label1\" content=\"\u00c9crit par\" \/>\n\t<meta name=\"twitter:data1\" content=\"Bourse du travail\" \/>\n\t<meta name=\"twitter:label2\" content=\"Dur\u00e9e de lecture estim\u00e9e\" \/>\n\t<meta name=\"twitter:data2\" content=\"2 minutes\" \/>\n<script type=\"application\/ld+json\" class=\"yoast-schema-graph\">{\"@context\":\"https:\\\/\\\/schema.org\",\"@graph\":[{\"@type\":\"Article\",\"@id\":\"https:\\\/\\\/www.bourse-du-travail.com\\\/blog\\\/2025\\\/06\\\/27\\\/chantal-goya-lance-un-appel-son-costume-iconique-de-pandi-panda-a-disparu\\\/#article\",\"isPartOf\":{\"@id\":\"https:\\\/\\\/www.bourse-du-travail.com\\\/blog\\\/2025\\\/06\\\/27\\\/chantal-goya-lance-un-appel-son-costume-iconique-de-pandi-panda-a-disparu\\\/\"},\"author\":{\"name\":\"Bourse du travail\",\"@id\":\"https:\\\/\\\/www.bourse-du-travail.com\\\/blog\\\/#\\\/schema\\\/person\\\/9926bb41184b7283fb1ed47808692276\"},\"headline\":\"Chantal Goya lance un appel : son costume iconique de \u00ab\u202fPandi Panda\u202f\u00bb a disparu\",\"datePublished\":\"2025-06-27T08:21:37+00:00\",\"dateModified\":\"2025-06-27T08:21:38+00:00\",\"mainEntityOfPage\":{\"@id\":\"https:\\\/\\\/www.bourse-du-travail.com\\\/blog\\\/2025\\\/06\\\/27\\\/chantal-goya-lance-un-appel-son-costume-iconique-de-pandi-panda-a-disparu\\\/\"},\"wordCount\":375,\"commentCount\":0,\"publisher\":{\"@id\":\"https:\\\/\\\/www.bourse-du-travail.com\\\/blog\\\/#organization\"},\"image\":{\"@id\":\"https:\\\/\\\/www.bourse-du-travail.com\\\/blog\\\/2025\\\/06\\\/27\\\/chantal-goya-lance-un-appel-son-costume-iconique-de-pandi-panda-a-disparu\\\/#primaryimage\"},\"thumbnailUrl\":\"https:\\\/\\\/www.bourse-du-travail.com\\\/blog\\\/wp-content\\\/uploads\\\/2025\\\/06\\\/chantal.jpg\",\"articleSection\":[\"Musique\"],\"inLanguage\":\"fr-FR\",\"potentialAction\":[{\"@type\":\"CommentAction\",\"name\":\"Comment\",\"target\":[\"https:\\\/\\\/www.bourse-du-travail.com\\\/blog\\\/2025\\\/06\\\/27\\\/chantal-goya-lance-un-appel-son-costume-iconique-de-pandi-panda-a-disparu\\\/#respond\"]}]},{\"@type\":\"WebPage\",\"@id\":\"https:\\\/\\\/www.bourse-du-travail.com\\\/blog\\\/2025\\\/06\\\/27\\\/chantal-goya-lance-un-appel-son-costume-iconique-de-pandi-panda-a-disparu\\\/\",\"url\":\"https:\\\/\\\/www.bourse-du-travail.com\\\/blog\\\/2025\\\/06\\\/27\\\/chantal-goya-lance-un-appel-son-costume-iconique-de-pandi-panda-a-disparu\\\/\",\"name\":\"Chantal Goya lance un appel : son costume iconique de \u00ab\u202fPandi Panda\u202f\u00bb a disparu - Bourse du travail\",\"isPartOf\":{\"@id\":\"https:\\\/\\\/www.bourse-du-travail.com\\\/blog\\\/#website\"},\"primaryImageOfPage\":{\"@id\":\"https:\\\/\\\/www.bourse-du-travail.com\\\/blog\\\/2025\\\/06\\\/27\\\/chantal-goya-lance-un-appel-son-costume-iconique-de-pandi-panda-a-disparu\\\/#primaryimage\"},\"image\":{\"@id\":\"https:\\\/\\\/www.bourse-du-travail.com\\\/blog\\\/2025\\\/06\\\/27\\\/chantal-goya-lance-un-appel-son-costume-iconique-de-pandi-panda-a-disparu\\\/#primaryimage\"},\"thumbnailUrl\":\"https:\\\/\\\/www.bourse-du-travail.com\\\/blog\\\/wp-content\\\/uploads\\\/2025\\\/06\\\/chantal.jpg\",\"datePublished\":\"2025-06-27T08:21:37+00:00\",\"dateModified\":\"2025-06-27T08:21:38+00:00\",\"breadcrumb\":{\"@id\":\"https:\\\/\\\/www.bourse-du-travail.com\\\/blog\\\/2025\\\/06\\\/27\\\/chantal-goya-lance-un-appel-son-costume-iconique-de-pandi-panda-a-disparu\\\/#breadcrumb\"},\"inLanguage\":\"fr-FR\",\"potentialAction\":[{\"@type\":\"ReadAction\",\"target\":[\"https:\\\/\\\/www.bourse-du-travail.com\\\/blog\\\/2025\\\/06\\\/27\\\/chantal-goya-lance-un-appel-son-costume-iconique-de-pandi-panda-a-disparu\\\/\"]}]},{\"@type\":\"ImageObject\",\"inLanguage\":\"fr-FR\",\"@id\":\"https:\\\/\\\/www.bourse-du-travail.com\\\/blog\\\/2025\\\/06\\\/27\\\/chantal-goya-lance-un-appel-son-costume-iconique-de-pandi-panda-a-disparu\\\/#primaryimage\",\"url\":\"https:\\\/\\\/www.bourse-du-travail.com\\\/blog\\\/wp-content\\\/uploads\\\/2025\\\/06\\\/chantal.jpg\",\"contentUrl\":\"https:\\\/\\\/www.bourse-du-travail.com\\\/blog\\\/wp-content\\\/uploads\\\/2025\\\/06\\\/chantal.jpg\",\"width\":1000,\"height\":500},{\"@type\":\"BreadcrumbList\",\"@id\":\"https:\\\/\\\/www.bourse-du-travail.com\\\/blog\\\/2025\\\/06\\\/27\\\/chantal-goya-lance-un-appel-son-costume-iconique-de-pandi-panda-a-disparu\\\/#breadcrumb\",\"itemListElement\":[{\"@type\":\"ListItem\",\"position\":1,\"name\":\"Accueil\",\"item\":\"https:\\\/\\\/www.bourse-du-travail.com\\\/blog\\\/\"},{\"@type\":\"ListItem\",\"position\":2,\"name\":\"Chantal Goya lance un appel : son costume iconique de \u00ab\u202fPandi Panda\u202f\u00bb a disparu\"}]},{\"@type\":\"WebSite\",\"@id\":\"https:\\\/\\\/www.bourse-du-travail.com\\\/blog\\\/#website\",\"url\":\"https:\\\/\\\/www.bourse-du-travail.com\\\/blog\\\/\",\"name\":\"Bourse du travail\",\"description\":\"Le blog Concerts et Musiques\",\"publisher\":{\"@id\":\"https:\\\/\\\/www.bourse-du-travail.com\\\/blog\\\/#organization\"},\"potentialAction\":[{\"@type\":\"SearchAction\",\"target\":{\"@type\":\"EntryPoint\",\"urlTemplate\":\"https:\\\/\\\/www.bourse-du-travail.com\\\/blog\\\/?s={search_term_string}\"},\"query-input\":{\"@type\":\"PropertyValueSpecification\",\"valueRequired\":true,\"valueName\":\"search_term_string\"}}],\"inLanguage\":\"fr-FR\"},{\"@type\":\"Organization\",\"@id\":\"https:\\\/\\\/www.bourse-du-travail.com\\\/blog\\\/#organization\",\"name\":\"Bourse du travail\",\"url\":\"https:\\\/\\\/www.bourse-du-travail.com\\\/blog\\\/\",\"logo\":{\"@type\":\"ImageObject\",\"inLanguage\":\"fr-FR\",\"@id\":\"https:\\\/\\\/www.bourse-du-travail.com\\\/blog\\\/#\\\/schema\\\/logo\\\/image\\\/\",\"url\":\"https:\\\/\\\/www.bourse-du-travail.com\\\/blog\\\/wp-content\\\/uploads\\\/2017\\\/04\\\/cropped-bourse-du-travail-2.jpg\",\"contentUrl\":\"https:\\\/\\\/www.bourse-du-travail.com\\\/blog\\\/wp-content\\\/uploads\\\/2017\\\/04\\\/cropped-bourse-du-travail-2.jpg\",\"width\":248,\"height\":248,\"caption\":\"Bourse du travail\"},\"image\":{\"@id\":\"https:\\\/\\\/www.bourse-du-travail.com\\\/blog\\\/#\\\/schema\\\/logo\\\/image\\\/\"},\"sameAs\":[\"https:\\\/\\\/www.facebook.com\\\/boursedutravail\"]},{\"@type\":\"Person\",\"@id\":\"https:\\\/\\\/www.bourse-du-travail.com\\\/blog\\\/#\\\/schema\\\/person\\\/9926bb41184b7283fb1ed47808692276\",\"name\":\"Bourse du travail\",\"image\":{\"@type\":\"ImageObject\",\"inLanguage\":\"fr-FR\",\"@id\":\"https:\\\/\\\/secure.gravatar.com\\\/avatar\\\/6aaa2db7c91316f8097aa34158681e8a949b827f2fa1d6a623275606afbb879d?s=96&d=mm&r=g\",\"url\":\"https:\\\/\\\/secure.gravatar.com\\\/avatar\\\/6aaa2db7c91316f8097aa34158681e8a949b827f2fa1d6a623275606afbb879d?s=96&d=mm&r=g\",\"contentUrl\":\"https:\\\/\\\/secure.gravatar.com\\\/avatar\\\/6aaa2db7c91316f8097aa34158681e8a949b827f2fa1d6a623275606afbb879d?s=96&d=mm&r=g\",\"caption\":\"Bourse du travail\"}}]}<\/script>\n<!-- \/ Yoast SEO plugin. -->","yoast_head_json":{"title":"Chantal Goya lance un appel : son costume iconique de \u00ab\u202fPandi Panda\u202f\u00bb a disparu - Bourse du travail","robots":{"index":"index","follow":"follow","max-snippet":"max-snippet:-1","max-image-preview":"max-image-preview:large","max-video-preview":"max-video-preview:-1"},"canonical":"https:\/\/www.bourse-du-travail.com\/blog\/2025\/06\/27\/chantal-goya-lance-un-appel-son-costume-iconique-de-pandi-panda-a-disparu\/","og_locale":"fr_FR","og_type":"article","og_title":"Chantal Goya lance un appel : son costume iconique de \u00ab\u202fPandi Panda\u202f\u00bb a disparu - Bourse du travail","og_description":"Le costume de Pandi Panda s\u2019est volatilis\u00e9 Apr\u00e8s un gala fin avril \u00e0 Sausheim, pr\u00e8s de Mulhouse (Haut-Rhin), Chantal Goya a d\u00e9couvert la disparition de son costume symbolique du personnage Pandi Panda. Ce costume, utilis\u00e9 sur sc\u00e8ne par la chanteuse depuis 1984, est indispensable \u00e0 l\u2019interpr\u00e9tation de son c\u00e9l\u00e8bre tube pour enfants, \u00ab\u202fPandi Panda\u202f\u00bb. Sans &hellip; Continuer la lecture de Chantal Goya lance un appel : son costume iconique de \u00ab\u202fPandi Panda\u202f\u00bb a disparu","og_url":"https:\/\/www.bourse-du-travail.com\/blog\/2025\/06\/27\/chantal-goya-lance-un-appel-son-costume-iconique-de-pandi-panda-a-disparu\/","og_site_name":"Bourse du travail","article_publisher":"https:\/\/www.facebook.com\/boursedutravail","article_published_time":"2025-06-27T08:21:37+00:00","article_modified_time":"2025-06-27T08:21:38+00:00","og_image":[{"width":1000,"height":500,"url":"https:\/\/www.bourse-du-travail.com\/blog\/wp-content\/uploads\/2025\/06\/chantal.jpg","type":"image\/jpeg"}],"author":"Bourse du travail","twitter_card":"summary_large_image","twitter_misc":{"\u00c9crit par":"Bourse du travail","Dur\u00e9e de lecture estim\u00e9e":"2 minutes"},"schema":{"@context":"https:\/\/schema.org","@graph":[{"@type":"Article","@id":"https:\/\/www.bourse-du-travail.com\/blog\/2025\/06\/27\/chantal-goya-lance-un-appel-son-costume-iconique-de-pandi-panda-a-disparu\/#article","isPartOf":{"@id":"https:\/\/www.bourse-du-travail.com\/blog\/2025\/06\/27\/chantal-goya-lance-un-appel-son-costume-iconique-de-pandi-panda-a-disparu\/"},"author":{"name":"Bourse du travail","@id":"https:\/\/www.bourse-du-travail.com\/blog\/#\/schema\/person\/9926bb41184b7283fb1ed47808692276"},"headline":"Chantal Goya lance un appel : son costume iconique de \u00ab\u202fPandi Panda\u202f\u00bb a disparu","datePublished":"2025-06-27T08:21:37+00:00","dateModified":"2025-06-27T08:21:38+00:00","mainEntityOfPage":{"@id":"https:\/\/www.bourse-du-travail.com\/blog\/2025\/06\/27\/chantal-goya-lance-un-appel-son-costume-iconique-de-pandi-panda-a-disparu\/"},"wordCount":375,"commentCount":0,"publisher":{"@id":"https:\/\/www.bourse-du-travail.com\/blog\/#organization"},"image":{"@id":"https:\/\/www.bourse-du-travail.com\/blog\/2025\/06\/27\/chantal-goya-lance-un-appel-son-costume-iconique-de-pandi-panda-a-disparu\/#primaryimage"},"thumbnailUrl":"https:\/\/www.bourse-du-travail.com\/blog\/wp-content\/uploads\/2025\/06\/chantal.jpg","articleSection":["Musique"],"inLanguage":"fr-FR","potentialAction":[{"@type":"CommentAction","name":"Comment","target":["https:\/\/www.bourse-du-travail.com\/blog\/2025\/06\/27\/chantal-goya-lance-un-appel-son-costume-iconique-de-pandi-panda-a-disparu\/#respond"]}]},{"@type":"WebPage","@id":"https:\/\/www.bourse-du-travail.com\/blog\/2025\/06\/27\/chantal-goya-lance-un-appel-son-costume-iconique-de-pandi-panda-a-disparu\/","url":"https:\/\/www.bourse-du-travail.com\/blog\/2025\/06\/27\/chantal-goya-lance-un-appel-son-costume-iconique-de-pandi-panda-a-disparu\/","name":"Chantal Goya lance un appel : son costume iconique de \u00ab\u202fPandi Panda\u202f\u00bb a disparu - Bourse du travail","isPartOf":{"@id":"https:\/\/www.bourse-du-travail.com\/blog\/#website"},"primaryImageOfPage":{"@id":"https:\/\/www.bourse-du-travail.com\/blog\/2025\/06\/27\/chantal-goya-lance-un-appel-son-costume-iconique-de-pandi-panda-a-disparu\/#primaryimage"},"image":{"@id":"https:\/\/www.bourse-du-travail.com\/blog\/2025\/06\/27\/chantal-goya-lance-un-appel-son-costume-iconique-de-pandi-panda-a-disparu\/#primaryimage"},"thumbnailUrl":"https:\/\/www.bourse-du-travail.com\/blog\/wp-content\/uploads\/2025\/06\/chantal.jpg","datePublished":"2025-06-27T08:21:37+00:00","dateModified":"2025-06-27T08:21:38+00:00","breadcrumb":{"@id":"https:\/\/www.bourse-du-travail.com\/blog\/2025\/06\/27\/chantal-goya-lance-un-appel-son-costume-iconique-de-pandi-panda-a-disparu\/#breadcrumb"},"inLanguage":"fr-FR","potentialAction":[{"@type":"ReadAction","target":["https:\/\/www.bourse-du-travail.com\/blog\/2025\/06\/27\/chantal-goya-lance-un-appel-son-costume-iconique-de-pandi-panda-a-disparu\/"]}]},{"@type":"ImageObject","inLanguage":"fr-FR","@id":"https:\/\/www.bourse-du-travail.com\/blog\/2025\/06\/27\/chantal-goya-lance-un-appel-son-costume-iconique-de-pandi-panda-a-disparu\/#primaryimage","url":"https:\/\/www.bourse-du-travail.com\/blog\/wp-content\/uploads\/2025\/06\/chantal.jpg","contentUrl":"https:\/\/www.bourse-du-travail.com\/blog\/wp-content\/uploads\/2025\/06\/chantal.jpg","width":1000,"height":500},{"@type":"BreadcrumbList","@id":"https:\/\/www.bourse-du-travail.com\/blog\/2025\/06\/27\/chantal-goya-lance-un-appel-son-costume-iconique-de-pandi-panda-a-disparu\/#breadcrumb","itemListElement":[{"@type":"ListItem","position":1,"name":"Accueil","item":"https:\/\/www.bourse-du-travail.com\/blog\/"},{"@type":"ListItem","position":2,"name":"Chantal Goya lance un appel : son costume iconique de \u00ab\u202fPandi Panda\u202f\u00bb a disparu"}]},{"@type":"WebSite","@id":"https:\/\/www.bourse-du-travail.com\/blog\/#website","url":"https:\/\/www.bourse-du-travail.com\/blog\/","name":"Bourse du travail","description":"Le blog Concerts et Musiques","publisher":{"@id":"https:\/\/www.bourse-du-travail.com\/blog\/#organization"},"potentialAction":[{"@type":"SearchAction","target":{"@type":"EntryPoint","urlTemplate":"https:\/\/www.bourse-du-travail.com\/blog\/?s={search_term_string}"},"query-input":{"@type":"PropertyValueSpecification","valueRequired":true,"valueName":"search_term_string"}}],"inLanguage":"fr-FR"},{"@type":"Organization","@id":"https:\/\/www.bourse-du-travail.com\/blog\/#organization","name":"Bourse du travail","url":"https:\/\/www.bourse-du-travail.com\/blog\/","logo":{"@type":"ImageObject","inLanguage":"fr-FR","@id":"https:\/\/www.bourse-du-travail.com\/blog\/#\/schema\/logo\/image\/","url":"https:\/\/www.bourse-du-travail.com\/blog\/wp-content\/uploads\/2017\/04\/cropped-bourse-du-travail-2.jpg","contentUrl":"https:\/\/www.bourse-du-travail.com\/blog\/wp-content\/uploads\/2017\/04\/cropped-bourse-du-travail-2.jpg","width":248,"height":248,"caption":"Bourse du travail"},"image":{"@id":"https:\/\/www.bourse-du-travail.com\/blog\/#\/schema\/logo\/image\/"},"sameAs":["https:\/\/www.facebook.com\/boursedutravail"]},{"@type":"Person","@id":"https:\/\/www.bourse-du-travail.com\/blog\/#\/schema\/person\/9926bb41184b7283fb1ed47808692276","name":"Bourse du travail","image":{"@type":"ImageObject","inLanguage":"fr-FR","@id":"https:\/\/secure.gravatar.com\/avatar\/6aaa2db7c91316f8097aa34158681e8a949b827f2fa1d6a623275606afbb879d?s=96&d=mm&r=g","url":"https:\/\/secure.gravatar.com\/avatar\/6aaa2db7c91316f8097aa34158681e8a949b827f2fa1d6a623275606afbb879d?s=96&d=mm&r=g","contentUrl":"https:\/\/secure.gravatar.com\/avatar\/6aaa2db7c91316f8097aa34158681e8a949b827f2fa1d6a623275606afbb879d?s=96&d=mm&r=g","caption":"Bourse du travail"}}]}},"_links":{"self":[{"href":"https:\/\/www.bourse-du-travail.com\/blog\/wp-json\/wp\/v2\/posts\/215","targetHints":{"allow":["GET"]}}],"collection":[{"href":"https:\/\/www.bourse-du-travail.com\/blog\/wp-json\/wp\/v2\/posts"}],"about":[{"href":"https:\/\/www.bourse-du-travail.com\/blog\/wp-json\/wp\/v2\/types\/post"}],"author":[{"embeddable":true,"href":"https:\/\/www.bourse-du-travail.com\/blog\/wp-json\/wp\/v2\/users\/1"}],"replies":[{"embeddable":true,"href":"https:\/\/www.bourse-du-travail.com\/blog\/wp-json\/wp\/v2\/comments?post=215"}],"version-history":[{"count":1,"href":"https:\/\/www.bourse-du-travail.com\/blog\/wp-json\/wp\/v2\/posts\/215\/revisions"}],"predecessor-version":[{"id":217,"href":"https:\/\/www.bourse-du-travail.com\/blog\/wp-json\/wp\/v2\/posts\/215\/revisions\/217"}],"wp:featuredmedia":[{"embeddable":true,"href":"https:\/\/www.bourse-du-travail.com\/blog\/wp-json\/wp\/v2\/media\/216"}],"wp:attachment":[{"href":"https:\/\/www.bourse-du-travail.com\/blog\/wp-json\/wp\/v2\/media?parent=215"}],"wp:term":[{"taxonomy":"category","embeddable":true,"href":"https:\/\/www.bourse-du-travail.com\/blog\/wp-json\/wp\/v2\/categories?post=215"},{"taxonomy":"post_tag","embeddable":true,"href":"https:\/\/www.bourse-du-travail.com\/blog\/wp-json\/wp\/v2\/tags?post=215"}],"curies":[{"name":"wp","href":"https:\/\/api.w.org\/{rel}","templated":true}]}}