{"id":212,"date":"2025-06-26T09:26:24","date_gmt":"2025-06-26T07:26:24","guid":{"rendered":"https:\/\/www.bourse-du-travail.com\/blog\/?p=212"},"modified":"2025-06-26T09:26:24","modified_gmt":"2025-06-26T07:26:24","slug":"michael-jackson-retour-sur-ses-titres-soul%e2%80%91funk-les-plus-emblematiques-16-ans-apres-sa-disparition","status":"publish","type":"post","link":"https:\/\/www.bourse-du-travail.com\/blog\/2025\/06\/26\/michael-jackson-retour-sur-ses-titres-soul%e2%80%91funk-les-plus-emblematiques-16-ans-apres-sa-disparition\/","title":{"rendered":"Michael Jackson : retour sur ses titres soul\u2011funk les plus embl\u00e9matiques, 16 ans apr\u00e8s sa disparition"},"content":{"rendered":"\n<h2 class=\"wp-block-heading\">Michael Jackson, roi de la pop et ma\u00eetre du soul-funk<\/h2>\n\n\n\n<p>16 ans apr\u00e8s sa disparition, Michael Jackson continue de marquer l\u2019histoire de la musique. Surnomm\u00e9 le Roi de la Pop, il a aussi profond\u00e9ment influenc\u00e9 les courants soul et funk. Sa capacit\u00e9 \u00e0 m\u00ealer rythmes dansants, harmonies sophistiqu\u00e9es et performances vocales hors normes a red\u00e9fini les standards de la musique populaire, et son h\u00e9ritage r\u00e9sonne encore dans les cr\u00e9ations actuelles.<\/p>\n\n\n\n<h2 class=\"wp-block-heading\">\u00ab\u00a0Who&rsquo;s Lovin\u2019 You\u00a0\u00bb : \u00e9motion \u00e0 11 ans<\/h2>\n\n\n\n<p>Avant sa carri\u00e8re solo, Michael Jackson impressionnait d\u00e9j\u00e0 comme chanteur principal des Jackson 5. \u00c0 seulement 11 ans, il interpr\u00e8te \u00ab\u00a0Who&rsquo;s Lovin\u2019 You\u00a0\u00bb avec une intensit\u00e9 vocale bouleversante. Ce morceau, empreint de soul et de tristesse, r\u00e9v\u00e8le une maturit\u00e9 artistique rare pour un enfant de cet \u00e2ge, posant les bases d\u2019un destin exceptionnel.<\/p>\n\n\n\n<h2 class=\"wp-block-heading\">\u00ab\u00a0Don\u2019t Stop \u2019Til You Get Enough\u00a0\u00bb : l\u2019explosion funk<\/h2>\n\n\n\n<p>En 1979, Michael prend un tournant d\u00e9cisif avec \u00ab\u00a0Don\u2019t Stop \u2019Til You Get Enough\u00a0\u00bb. Premier titre \u00e9crit et produit par lui-m\u00eame, ce tube inaugure sa collaboration avec Quincy Jones. Rythmes effr\u00e9n\u00e9s, falsetto irr\u00e9sistible et section cuivres percutante en font une pi\u00e8ce ma\u00eetresse du funk moderne et un jalon dans sa transition vers une carri\u00e8re solo iconique.<\/p>\n\n\n\n<h2 class=\"wp-block-heading\">\u201cThriller\u201d et l\u2019\u00e8re du groove plan\u00e9taire<\/h2>\n\n\n\n<p>L\u2019album *Thriller*, sorti en 1982, reste l\u2019exemple ultime de fusion entre pop, soul et funk. Des titres comme \u00ab\u00a0Billie Jean\u00a0\u00bb ou \u00ab\u00a0Wanna Be Startin\u2019 Somethin\u2019\u00a0\u00bb combinent grooves puissants et production millim\u00e9tr\u00e9e. Le succ\u00e8s plan\u00e9taire de cet album a ancr\u00e9 Jackson dans la culture mondiale, tout en faisant du funk un genre accessible \u00e0 un public international.<\/p>\n\n\n\n<h2 class=\"wp-block-heading\">Un h\u00e9ritage vivant et transg\u00e9n\u00e9rationnel<\/h2>\n\n\n\n<p>La musique de Michael Jackson reste aujourd\u2019hui une source d\u2019inspiration pour les artistes de tous horizons. Ses titres soul-funk sont r\u00e9guli\u00e8rement repris, remix\u00e9s, ou sampl\u00e9s. Des artistes contemporains comme Bruno Mars, The Weeknd ou Chris Brown revendiquent son influence, confirmant que son empreinte d\u00e9passe les modes et les g\u00e9n\u00e9rations.<\/p>\n\n\n\n<h2 class=\"wp-block-heading\">Des classiques toujours d\u2019actualit\u00e9<\/h2>\n\n\n\n<p>\u00c0 l\u2019\u00e8re du streaming, les morceaux funky de Michael Jackson restent parmi les plus \u00e9cout\u00e9s. Leur pr\u00e9sence continue dans les playlists, les soir\u00e9es ou les spots publicitaires montre \u00e0 quel point leur \u00e9nergie, leur style et leur \u00e9motion n\u2019ont rien perdu de leur pouvoir. 16 ans apr\u00e8s sa mort, ses chansons soul et funk continuent de faire danser, vibrer, et r\u00eaver le monde entier.<\/p>\n","protected":false},"excerpt":{"rendered":"<p>Michael Jackson, roi de la pop et ma\u00eetre du soul-funk 16 ans apr\u00e8s sa disparition, Michael Jackson continue de marquer l\u2019histoire de la musique. Surnomm\u00e9 le Roi de la Pop, il a aussi profond\u00e9ment influenc\u00e9 les courants soul et funk. Sa capacit\u00e9 \u00e0 m\u00ealer rythmes dansants, harmonies sophistiqu\u00e9es et performances vocales hors normes a red\u00e9fini &hellip; <a href=\"https:\/\/www.bourse-du-travail.com\/blog\/2025\/06\/26\/michael-jackson-retour-sur-ses-titres-soul%e2%80%91funk-les-plus-emblematiques-16-ans-apres-sa-disparition\/\" class=\"more-link\">Continuer la lecture de <span class=\"screen-reader-text\">Michael Jackson : retour sur ses titres soul\u2011funk les plus embl\u00e9matiques, 16 ans apr\u00e8s sa disparition<\/span><\/a><\/p>\n","protected":false},"author":1,"featured_media":213,"comment_status":"open","ping_status":"open","sticky":false,"template":"","format":"standard","meta":{"footnotes":""},"categories":[7],"tags":[],"class_list":["post-212","post","type-post","status-publish","format-standard","has-post-thumbnail","hentry","category-musique"],"yoast_head":"<!-- This site is optimized with the Yoast SEO plugin v27.5 - https:\/\/yoast.com\/product\/yoast-seo-wordpress\/ -->\n<title>Michael Jackson : retour sur ses titres soul\u2011funk les plus embl\u00e9matiques, 16 ans apr\u00e8s sa disparition - Bourse du travail<\/title>\n<meta name=\"robots\" content=\"index, follow, max-snippet:-1, max-image-preview:large, max-video-preview:-1\" \/>\n<link rel=\"canonical\" href=\"https:\/\/www.bourse-du-travail.com\/blog\/2025\/06\/26\/michael-jackson-retour-sur-ses-titres-soul\u2011funk-les-plus-emblematiques-16-ans-apres-sa-disparition\/\" \/>\n<meta property=\"og:locale\" content=\"fr_FR\" \/>\n<meta property=\"og:type\" content=\"article\" \/>\n<meta property=\"og:title\" content=\"Michael Jackson : retour sur ses titres soul\u2011funk les plus embl\u00e9matiques, 16 ans apr\u00e8s sa disparition - Bourse du travail\" \/>\n<meta property=\"og:description\" content=\"Michael Jackson, roi de la pop et ma\u00eetre du soul-funk 16 ans apr\u00e8s sa disparition, Michael Jackson continue de marquer l\u2019histoire de la musique. Surnomm\u00e9 le Roi de la Pop, il a aussi profond\u00e9ment influenc\u00e9 les courants soul et funk. Sa capacit\u00e9 \u00e0 m\u00ealer rythmes dansants, harmonies sophistiqu\u00e9es et performances vocales hors normes a red\u00e9fini &hellip; Continuer la lecture de Michael Jackson : retour sur ses titres soul\u2011funk les plus embl\u00e9matiques, 16 ans apr\u00e8s sa disparition\" \/>\n<meta property=\"og:url\" content=\"https:\/\/www.bourse-du-travail.com\/blog\/2025\/06\/26\/michael-jackson-retour-sur-ses-titres-soul\u2011funk-les-plus-emblematiques-16-ans-apres-sa-disparition\/\" \/>\n<meta property=\"og:site_name\" content=\"Bourse du travail\" \/>\n<meta property=\"article:publisher\" content=\"https:\/\/www.facebook.com\/boursedutravail\" \/>\n<meta property=\"article:published_time\" content=\"2025-06-26T07:26:24+00:00\" \/>\n<meta property=\"og:image\" content=\"https:\/\/www.bourse-du-travail.com\/blog\/wp-content\/uploads\/2025\/06\/mj.webp\" \/>\n\t<meta property=\"og:image:width\" content=\"1110\" \/>\n\t<meta property=\"og:image:height\" content=\"624\" \/>\n\t<meta property=\"og:image:type\" content=\"image\/webp\" \/>\n<meta name=\"author\" content=\"Bourse du travail\" \/>\n<meta name=\"twitter:card\" content=\"summary_large_image\" \/>\n<meta name=\"twitter:label1\" content=\"\u00c9crit par\" \/>\n\t<meta name=\"twitter:data1\" content=\"Bourse du travail\" \/>\n\t<meta name=\"twitter:label2\" content=\"Dur\u00e9e de lecture estim\u00e9e\" \/>\n\t<meta name=\"twitter:data2\" content=\"3 minutes\" \/>\n<script type=\"application\/ld+json\" class=\"yoast-schema-graph\">{\"@context\":\"https:\\\/\\\/schema.org\",\"@graph\":[{\"@type\":\"Article\",\"@id\":\"https:\\\/\\\/www.bourse-du-travail.com\\\/blog\\\/2025\\\/06\\\/26\\\/michael-jackson-retour-sur-ses-titres-soul%e2%80%91funk-les-plus-emblematiques-16-ans-apres-sa-disparition\\\/#article\",\"isPartOf\":{\"@id\":\"https:\\\/\\\/www.bourse-du-travail.com\\\/blog\\\/2025\\\/06\\\/26\\\/michael-jackson-retour-sur-ses-titres-soul%e2%80%91funk-les-plus-emblematiques-16-ans-apres-sa-disparition\\\/\"},\"author\":{\"name\":\"Bourse du travail\",\"@id\":\"https:\\\/\\\/www.bourse-du-travail.com\\\/blog\\\/#\\\/schema\\\/person\\\/9926bb41184b7283fb1ed47808692276\"},\"headline\":\"Michael Jackson : retour sur ses titres soul\u2011funk les plus embl\u00e9matiques, 16 ans apr\u00e8s sa disparition\",\"datePublished\":\"2025-06-26T07:26:24+00:00\",\"mainEntityOfPage\":{\"@id\":\"https:\\\/\\\/www.bourse-du-travail.com\\\/blog\\\/2025\\\/06\\\/26\\\/michael-jackson-retour-sur-ses-titres-soul%e2%80%91funk-les-plus-emblematiques-16-ans-apres-sa-disparition\\\/\"},\"wordCount\":437,\"commentCount\":0,\"publisher\":{\"@id\":\"https:\\\/\\\/www.bourse-du-travail.com\\\/blog\\\/#organization\"},\"image\":{\"@id\":\"https:\\\/\\\/www.bourse-du-travail.com\\\/blog\\\/2025\\\/06\\\/26\\\/michael-jackson-retour-sur-ses-titres-soul%e2%80%91funk-les-plus-emblematiques-16-ans-apres-sa-disparition\\\/#primaryimage\"},\"thumbnailUrl\":\"https:\\\/\\\/www.bourse-du-travail.com\\\/blog\\\/wp-content\\\/uploads\\\/2025\\\/06\\\/mj.webp\",\"articleSection\":[\"Musique\"],\"inLanguage\":\"fr-FR\",\"potentialAction\":[{\"@type\":\"CommentAction\",\"name\":\"Comment\",\"target\":[\"https:\\\/\\\/www.bourse-du-travail.com\\\/blog\\\/2025\\\/06\\\/26\\\/michael-jackson-retour-sur-ses-titres-soul%e2%80%91funk-les-plus-emblematiques-16-ans-apres-sa-disparition\\\/#respond\"]}]},{\"@type\":\"WebPage\",\"@id\":\"https:\\\/\\\/www.bourse-du-travail.com\\\/blog\\\/2025\\\/06\\\/26\\\/michael-jackson-retour-sur-ses-titres-soul%e2%80%91funk-les-plus-emblematiques-16-ans-apres-sa-disparition\\\/\",\"url\":\"https:\\\/\\\/www.bourse-du-travail.com\\\/blog\\\/2025\\\/06\\\/26\\\/michael-jackson-retour-sur-ses-titres-soul%e2%80%91funk-les-plus-emblematiques-16-ans-apres-sa-disparition\\\/\",\"name\":\"Michael Jackson : retour sur ses titres soul\u2011funk les plus embl\u00e9matiques, 16 ans apr\u00e8s sa disparition - Bourse du travail\",\"isPartOf\":{\"@id\":\"https:\\\/\\\/www.bourse-du-travail.com\\\/blog\\\/#website\"},\"primaryImageOfPage\":{\"@id\":\"https:\\\/\\\/www.bourse-du-travail.com\\\/blog\\\/2025\\\/06\\\/26\\\/michael-jackson-retour-sur-ses-titres-soul%e2%80%91funk-les-plus-emblematiques-16-ans-apres-sa-disparition\\\/#primaryimage\"},\"image\":{\"@id\":\"https:\\\/\\\/www.bourse-du-travail.com\\\/blog\\\/2025\\\/06\\\/26\\\/michael-jackson-retour-sur-ses-titres-soul%e2%80%91funk-les-plus-emblematiques-16-ans-apres-sa-disparition\\\/#primaryimage\"},\"thumbnailUrl\":\"https:\\\/\\\/www.bourse-du-travail.com\\\/blog\\\/wp-content\\\/uploads\\\/2025\\\/06\\\/mj.webp\",\"datePublished\":\"2025-06-26T07:26:24+00:00\",\"breadcrumb\":{\"@id\":\"https:\\\/\\\/www.bourse-du-travail.com\\\/blog\\\/2025\\\/06\\\/26\\\/michael-jackson-retour-sur-ses-titres-soul%e2%80%91funk-les-plus-emblematiques-16-ans-apres-sa-disparition\\\/#breadcrumb\"},\"inLanguage\":\"fr-FR\",\"potentialAction\":[{\"@type\":\"ReadAction\",\"target\":[\"https:\\\/\\\/www.bourse-du-travail.com\\\/blog\\\/2025\\\/06\\\/26\\\/michael-jackson-retour-sur-ses-titres-soul%e2%80%91funk-les-plus-emblematiques-16-ans-apres-sa-disparition\\\/\"]}]},{\"@type\":\"ImageObject\",\"inLanguage\":\"fr-FR\",\"@id\":\"https:\\\/\\\/www.bourse-du-travail.com\\\/blog\\\/2025\\\/06\\\/26\\\/michael-jackson-retour-sur-ses-titres-soul%e2%80%91funk-les-plus-emblematiques-16-ans-apres-sa-disparition\\\/#primaryimage\",\"url\":\"https:\\\/\\\/www.bourse-du-travail.com\\\/blog\\\/wp-content\\\/uploads\\\/2025\\\/06\\\/mj.webp\",\"contentUrl\":\"https:\\\/\\\/www.bourse-du-travail.com\\\/blog\\\/wp-content\\\/uploads\\\/2025\\\/06\\\/mj.webp\",\"width\":1110,\"height\":624},{\"@type\":\"BreadcrumbList\",\"@id\":\"https:\\\/\\\/www.bourse-du-travail.com\\\/blog\\\/2025\\\/06\\\/26\\\/michael-jackson-retour-sur-ses-titres-soul%e2%80%91funk-les-plus-emblematiques-16-ans-apres-sa-disparition\\\/#breadcrumb\",\"itemListElement\":[{\"@type\":\"ListItem\",\"position\":1,\"name\":\"Accueil\",\"item\":\"https:\\\/\\\/www.bourse-du-travail.com\\\/blog\\\/\"},{\"@type\":\"ListItem\",\"position\":2,\"name\":\"Michael Jackson : retour sur ses titres soul\u2011funk les plus embl\u00e9matiques, 16 ans apr\u00e8s sa disparition\"}]},{\"@type\":\"WebSite\",\"@id\":\"https:\\\/\\\/www.bourse-du-travail.com\\\/blog\\\/#website\",\"url\":\"https:\\\/\\\/www.bourse-du-travail.com\\\/blog\\\/\",\"name\":\"Bourse du travail\",\"description\":\"Le blog Concerts et Musiques\",\"publisher\":{\"@id\":\"https:\\\/\\\/www.bourse-du-travail.com\\\/blog\\\/#organization\"},\"potentialAction\":[{\"@type\":\"SearchAction\",\"target\":{\"@type\":\"EntryPoint\",\"urlTemplate\":\"https:\\\/\\\/www.bourse-du-travail.com\\\/blog\\\/?s={search_term_string}\"},\"query-input\":{\"@type\":\"PropertyValueSpecification\",\"valueRequired\":true,\"valueName\":\"search_term_string\"}}],\"inLanguage\":\"fr-FR\"},{\"@type\":\"Organization\",\"@id\":\"https:\\\/\\\/www.bourse-du-travail.com\\\/blog\\\/#organization\",\"name\":\"Bourse du travail\",\"url\":\"https:\\\/\\\/www.bourse-du-travail.com\\\/blog\\\/\",\"logo\":{\"@type\":\"ImageObject\",\"inLanguage\":\"fr-FR\",\"@id\":\"https:\\\/\\\/www.bourse-du-travail.com\\\/blog\\\/#\\\/schema\\\/logo\\\/image\\\/\",\"url\":\"https:\\\/\\\/www.bourse-du-travail.com\\\/blog\\\/wp-content\\\/uploads\\\/2017\\\/04\\\/cropped-bourse-du-travail-2.jpg\",\"contentUrl\":\"https:\\\/\\\/www.bourse-du-travail.com\\\/blog\\\/wp-content\\\/uploads\\\/2017\\\/04\\\/cropped-bourse-du-travail-2.jpg\",\"width\":248,\"height\":248,\"caption\":\"Bourse du travail\"},\"image\":{\"@id\":\"https:\\\/\\\/www.bourse-du-travail.com\\\/blog\\\/#\\\/schema\\\/logo\\\/image\\\/\"},\"sameAs\":[\"https:\\\/\\\/www.facebook.com\\\/boursedutravail\"]},{\"@type\":\"Person\",\"@id\":\"https:\\\/\\\/www.bourse-du-travail.com\\\/blog\\\/#\\\/schema\\\/person\\\/9926bb41184b7283fb1ed47808692276\",\"name\":\"Bourse du travail\",\"image\":{\"@type\":\"ImageObject\",\"inLanguage\":\"fr-FR\",\"@id\":\"https:\\\/\\\/secure.gravatar.com\\\/avatar\\\/6aaa2db7c91316f8097aa34158681e8a949b827f2fa1d6a623275606afbb879d?s=96&d=mm&r=g\",\"url\":\"https:\\\/\\\/secure.gravatar.com\\\/avatar\\\/6aaa2db7c91316f8097aa34158681e8a949b827f2fa1d6a623275606afbb879d?s=96&d=mm&r=g\",\"contentUrl\":\"https:\\\/\\\/secure.gravatar.com\\\/avatar\\\/6aaa2db7c91316f8097aa34158681e8a949b827f2fa1d6a623275606afbb879d?s=96&d=mm&r=g\",\"caption\":\"Bourse du travail\"}}]}<\/script>\n<!-- \/ Yoast SEO plugin. -->","yoast_head_json":{"title":"Michael Jackson : retour sur ses titres soul\u2011funk les plus embl\u00e9matiques, 16 ans apr\u00e8s sa disparition - Bourse du travail","robots":{"index":"index","follow":"follow","max-snippet":"max-snippet:-1","max-image-preview":"max-image-preview:large","max-video-preview":"max-video-preview:-1"},"canonical":"https:\/\/www.bourse-du-travail.com\/blog\/2025\/06\/26\/michael-jackson-retour-sur-ses-titres-soul\u2011funk-les-plus-emblematiques-16-ans-apres-sa-disparition\/","og_locale":"fr_FR","og_type":"article","og_title":"Michael Jackson : retour sur ses titres soul\u2011funk les plus embl\u00e9matiques, 16 ans apr\u00e8s sa disparition - Bourse du travail","og_description":"Michael Jackson, roi de la pop et ma\u00eetre du soul-funk 16 ans apr\u00e8s sa disparition, Michael Jackson continue de marquer l\u2019histoire de la musique. Surnomm\u00e9 le Roi de la Pop, il a aussi profond\u00e9ment influenc\u00e9 les courants soul et funk. Sa capacit\u00e9 \u00e0 m\u00ealer rythmes dansants, harmonies sophistiqu\u00e9es et performances vocales hors normes a red\u00e9fini &hellip; Continuer la lecture de Michael Jackson : retour sur ses titres soul\u2011funk les plus embl\u00e9matiques, 16 ans apr\u00e8s sa disparition","og_url":"https:\/\/www.bourse-du-travail.com\/blog\/2025\/06\/26\/michael-jackson-retour-sur-ses-titres-soul\u2011funk-les-plus-emblematiques-16-ans-apres-sa-disparition\/","og_site_name":"Bourse du travail","article_publisher":"https:\/\/www.facebook.com\/boursedutravail","article_published_time":"2025-06-26T07:26:24+00:00","og_image":[{"width":1110,"height":624,"url":"https:\/\/www.bourse-du-travail.com\/blog\/wp-content\/uploads\/2025\/06\/mj.webp","type":"image\/webp"}],"author":"Bourse du travail","twitter_card":"summary_large_image","twitter_misc":{"\u00c9crit par":"Bourse du travail","Dur\u00e9e de lecture estim\u00e9e":"3 minutes"},"schema":{"@context":"https:\/\/schema.org","@graph":[{"@type":"Article","@id":"https:\/\/www.bourse-du-travail.com\/blog\/2025\/06\/26\/michael-jackson-retour-sur-ses-titres-soul%e2%80%91funk-les-plus-emblematiques-16-ans-apres-sa-disparition\/#article","isPartOf":{"@id":"https:\/\/www.bourse-du-travail.com\/blog\/2025\/06\/26\/michael-jackson-retour-sur-ses-titres-soul%e2%80%91funk-les-plus-emblematiques-16-ans-apres-sa-disparition\/"},"author":{"name":"Bourse du travail","@id":"https:\/\/www.bourse-du-travail.com\/blog\/#\/schema\/person\/9926bb41184b7283fb1ed47808692276"},"headline":"Michael Jackson : retour sur ses titres soul\u2011funk les plus embl\u00e9matiques, 16 ans apr\u00e8s sa disparition","datePublished":"2025-06-26T07:26:24+00:00","mainEntityOfPage":{"@id":"https:\/\/www.bourse-du-travail.com\/blog\/2025\/06\/26\/michael-jackson-retour-sur-ses-titres-soul%e2%80%91funk-les-plus-emblematiques-16-ans-apres-sa-disparition\/"},"wordCount":437,"commentCount":0,"publisher":{"@id":"https:\/\/www.bourse-du-travail.com\/blog\/#organization"},"image":{"@id":"https:\/\/www.bourse-du-travail.com\/blog\/2025\/06\/26\/michael-jackson-retour-sur-ses-titres-soul%e2%80%91funk-les-plus-emblematiques-16-ans-apres-sa-disparition\/#primaryimage"},"thumbnailUrl":"https:\/\/www.bourse-du-travail.com\/blog\/wp-content\/uploads\/2025\/06\/mj.webp","articleSection":["Musique"],"inLanguage":"fr-FR","potentialAction":[{"@type":"CommentAction","name":"Comment","target":["https:\/\/www.bourse-du-travail.com\/blog\/2025\/06\/26\/michael-jackson-retour-sur-ses-titres-soul%e2%80%91funk-les-plus-emblematiques-16-ans-apres-sa-disparition\/#respond"]}]},{"@type":"WebPage","@id":"https:\/\/www.bourse-du-travail.com\/blog\/2025\/06\/26\/michael-jackson-retour-sur-ses-titres-soul%e2%80%91funk-les-plus-emblematiques-16-ans-apres-sa-disparition\/","url":"https:\/\/www.bourse-du-travail.com\/blog\/2025\/06\/26\/michael-jackson-retour-sur-ses-titres-soul%e2%80%91funk-les-plus-emblematiques-16-ans-apres-sa-disparition\/","name":"Michael Jackson : retour sur ses titres soul\u2011funk les plus embl\u00e9matiques, 16 ans apr\u00e8s sa disparition - Bourse du travail","isPartOf":{"@id":"https:\/\/www.bourse-du-travail.com\/blog\/#website"},"primaryImageOfPage":{"@id":"https:\/\/www.bourse-du-travail.com\/blog\/2025\/06\/26\/michael-jackson-retour-sur-ses-titres-soul%e2%80%91funk-les-plus-emblematiques-16-ans-apres-sa-disparition\/#primaryimage"},"image":{"@id":"https:\/\/www.bourse-du-travail.com\/blog\/2025\/06\/26\/michael-jackson-retour-sur-ses-titres-soul%e2%80%91funk-les-plus-emblematiques-16-ans-apres-sa-disparition\/#primaryimage"},"thumbnailUrl":"https:\/\/www.bourse-du-travail.com\/blog\/wp-content\/uploads\/2025\/06\/mj.webp","datePublished":"2025-06-26T07:26:24+00:00","breadcrumb":{"@id":"https:\/\/www.bourse-du-travail.com\/blog\/2025\/06\/26\/michael-jackson-retour-sur-ses-titres-soul%e2%80%91funk-les-plus-emblematiques-16-ans-apres-sa-disparition\/#breadcrumb"},"inLanguage":"fr-FR","potentialAction":[{"@type":"ReadAction","target":["https:\/\/www.bourse-du-travail.com\/blog\/2025\/06\/26\/michael-jackson-retour-sur-ses-titres-soul%e2%80%91funk-les-plus-emblematiques-16-ans-apres-sa-disparition\/"]}]},{"@type":"ImageObject","inLanguage":"fr-FR","@id":"https:\/\/www.bourse-du-travail.com\/blog\/2025\/06\/26\/michael-jackson-retour-sur-ses-titres-soul%e2%80%91funk-les-plus-emblematiques-16-ans-apres-sa-disparition\/#primaryimage","url":"https:\/\/www.bourse-du-travail.com\/blog\/wp-content\/uploads\/2025\/06\/mj.webp","contentUrl":"https:\/\/www.bourse-du-travail.com\/blog\/wp-content\/uploads\/2025\/06\/mj.webp","width":1110,"height":624},{"@type":"BreadcrumbList","@id":"https:\/\/www.bourse-du-travail.com\/blog\/2025\/06\/26\/michael-jackson-retour-sur-ses-titres-soul%e2%80%91funk-les-plus-emblematiques-16-ans-apres-sa-disparition\/#breadcrumb","itemListElement":[{"@type":"ListItem","position":1,"name":"Accueil","item":"https:\/\/www.bourse-du-travail.com\/blog\/"},{"@type":"ListItem","position":2,"name":"Michael Jackson : retour sur ses titres soul\u2011funk les plus embl\u00e9matiques, 16 ans apr\u00e8s sa disparition"}]},{"@type":"WebSite","@id":"https:\/\/www.bourse-du-travail.com\/blog\/#website","url":"https:\/\/www.bourse-du-travail.com\/blog\/","name":"Bourse du travail","description":"Le blog Concerts et Musiques","publisher":{"@id":"https:\/\/www.bourse-du-travail.com\/blog\/#organization"},"potentialAction":[{"@type":"SearchAction","target":{"@type":"EntryPoint","urlTemplate":"https:\/\/www.bourse-du-travail.com\/blog\/?s={search_term_string}"},"query-input":{"@type":"PropertyValueSpecification","valueRequired":true,"valueName":"search_term_string"}}],"inLanguage":"fr-FR"},{"@type":"Organization","@id":"https:\/\/www.bourse-du-travail.com\/blog\/#organization","name":"Bourse du travail","url":"https:\/\/www.bourse-du-travail.com\/blog\/","logo":{"@type":"ImageObject","inLanguage":"fr-FR","@id":"https:\/\/www.bourse-du-travail.com\/blog\/#\/schema\/logo\/image\/","url":"https:\/\/www.bourse-du-travail.com\/blog\/wp-content\/uploads\/2017\/04\/cropped-bourse-du-travail-2.jpg","contentUrl":"https:\/\/www.bourse-du-travail.com\/blog\/wp-content\/uploads\/2017\/04\/cropped-bourse-du-travail-2.jpg","width":248,"height":248,"caption":"Bourse du travail"},"image":{"@id":"https:\/\/www.bourse-du-travail.com\/blog\/#\/schema\/logo\/image\/"},"sameAs":["https:\/\/www.facebook.com\/boursedutravail"]},{"@type":"Person","@id":"https:\/\/www.bourse-du-travail.com\/blog\/#\/schema\/person\/9926bb41184b7283fb1ed47808692276","name":"Bourse du travail","image":{"@type":"ImageObject","inLanguage":"fr-FR","@id":"https:\/\/secure.gravatar.com\/avatar\/6aaa2db7c91316f8097aa34158681e8a949b827f2fa1d6a623275606afbb879d?s=96&d=mm&r=g","url":"https:\/\/secure.gravatar.com\/avatar\/6aaa2db7c91316f8097aa34158681e8a949b827f2fa1d6a623275606afbb879d?s=96&d=mm&r=g","contentUrl":"https:\/\/secure.gravatar.com\/avatar\/6aaa2db7c91316f8097aa34158681e8a949b827f2fa1d6a623275606afbb879d?s=96&d=mm&r=g","caption":"Bourse du travail"}}]}},"_links":{"self":[{"href":"https:\/\/www.bourse-du-travail.com\/blog\/wp-json\/wp\/v2\/posts\/212","targetHints":{"allow":["GET"]}}],"collection":[{"href":"https:\/\/www.bourse-du-travail.com\/blog\/wp-json\/wp\/v2\/posts"}],"about":[{"href":"https:\/\/www.bourse-du-travail.com\/blog\/wp-json\/wp\/v2\/types\/post"}],"author":[{"embeddable":true,"href":"https:\/\/www.bourse-du-travail.com\/blog\/wp-json\/wp\/v2\/users\/1"}],"replies":[{"embeddable":true,"href":"https:\/\/www.bourse-du-travail.com\/blog\/wp-json\/wp\/v2\/comments?post=212"}],"version-history":[{"count":1,"href":"https:\/\/www.bourse-du-travail.com\/blog\/wp-json\/wp\/v2\/posts\/212\/revisions"}],"predecessor-version":[{"id":214,"href":"https:\/\/www.bourse-du-travail.com\/blog\/wp-json\/wp\/v2\/posts\/212\/revisions\/214"}],"wp:featuredmedia":[{"embeddable":true,"href":"https:\/\/www.bourse-du-travail.com\/blog\/wp-json\/wp\/v2\/media\/213"}],"wp:attachment":[{"href":"https:\/\/www.bourse-du-travail.com\/blog\/wp-json\/wp\/v2\/media?parent=212"}],"wp:term":[{"taxonomy":"category","embeddable":true,"href":"https:\/\/www.bourse-du-travail.com\/blog\/wp-json\/wp\/v2\/categories?post=212"},{"taxonomy":"post_tag","embeddable":true,"href":"https:\/\/www.bourse-du-travail.com\/blog\/wp-json\/wp\/v2\/tags?post=212"}],"curies":[{"name":"wp","href":"https:\/\/api.w.org\/{rel}","templated":true}]}}