{"id":209,"date":"2025-06-25T09:08:53","date_gmt":"2025-06-25T07:08:53","guid":{"rendered":"https:\/\/www.bourse-du-travail.com\/blog\/?p=209"},"modified":"2025-06-25T09:08:53","modified_gmt":"2025-06-25T07:08:53","slug":"bts-pret-a-renaitre-tous-les-membres-sont-de-retour-cap-sur-2026","status":"publish","type":"post","link":"https:\/\/www.bourse-du-travail.com\/blog\/2025\/06\/25\/bts-pret-a-renaitre-tous-les-membres-sont-de-retour-cap-sur-2026\/","title":{"rendered":"BTS pr\u00eat \u00e0 rena\u00eetre : tous les membres sont de retour, cap sur 2026"},"content":{"rendered":"\n<h2 class=\"wp-block-heading\">Le dernier membre lib\u00e9r\u00e9 : Suga retrouve sa libert\u00e9<\/h2>\n\n\n\n<p>Le 21 juin 2025, Suga a officiellement termin\u00e9 son service militaire alternatif, devenant ainsi le dernier membre de BTS \u00e0 \u00eatre lib\u00e9r\u00e9 de son devoir national. Avec Jin, J-Hope, RM, V, Jimin et Jungkook d\u00e9j\u00e0 de retour, la formation est d\u00e9sormais compl\u00e8te pour la premi\u00e8re fois depuis leur hiatus r\u00e9fl\u00e9chi entam\u00e9 en 2022.<\/p>\n\n\n\n<h2 class=\"wp-block-heading\">Un retour collectif annonc\u00e9 pour 2026<\/h2>\n\n\n\n<p>D&rsquo;apr\u00e8s des sources proches de HYBE et BigHit, BTS serait en pleine pr\u00e9paration d\u2019un album complet et d\u2019un retour discographique pr\u00e9vu pour mars 2026. Le groupe travaillerait avec des producteurs de haut niveau pour retrouver une coh\u00e9sion musicale et cr\u00e9er un message fort \u00e0 transmettre \u00e0 ses fans apr\u00e8s cette longue s\u00e9paration volontaire.<\/p>\n\n\n\n<h2 class=\"wp-block-heading\">Des projets entre pause et retour<\/h2>\n\n\n\n<p>Pendant cette p\u00e9riode de service, chaque membre a poursuivi des actions solo remarquables&nbsp;: Jin avec une tourn\u00e9e solo, J-Hope avec un nouveau single et RM avec des exp\u00e9rimentations artistiques. Jimin, V, Jungkook et Suga ont \u00e9galement explor\u00e9 leurs univers avec des albums ou projets solo, conservant ainsi un lien cr\u00e9atif avec leur public mondial.<\/p>\n\n\n\n<h2 class=\"wp-block-heading\">Concerts et perspectives : vers un comeback XXL<\/h2>\n\n\n\n<p>Alors que Jin d\u00e9marre sa tourn\u00e9e solo et que des singles solos sont d\u00e9j\u00e0 disponibles, BTS pr\u00e9pare selon certains indices un \u00e9norme retour collectif. Il pourrait inclure un single pr\u00e9alable ou un projet sp\u00e9cial avant l\u2019album, en attendant peut-\u00eatre l\u2019un des plus grands \u00e9v\u00e9nements musicaux de 2026, avec tourn\u00e9e mondiale potentielle et retomb\u00e9es m\u00e9diatiques majeures.<\/p>\n\n\n\n<h2 class=\"wp-block-heading\">La revanche des fils de Bangtan sur la K\u2011pop<\/h2>\n\n\n\n<p>M\u00eame si la K\u2011pop a \u00e9volu\u00e9 et que de nouveaux groupes comme Seventeen ou Tomorrow X Together gagnent en influence, BTS reste une r\u00e9f\u00e9rence mondiale. Leur retour sonnera comme un symbole fort face aux d\u00e9fis du secteur : accueillir une nouvelle g\u00e9n\u00e9ration d\u2019idoles, composer avec les pressions du syst\u00e8me sud-cor\u00e9en et maintenir leur h\u00e9ritage unique.<\/p>\n\n\n\n<h2 class=\"wp-block-heading\">Une nouvelle \u00e8re en pr\u00e9paration<\/h2>\n\n\n\n<p>Ce retour n\u2019est pas qu\u2019un simple come-back : il symbolise la fin d\u2019un cycle m\u00fbri dans la solitude, le service et les projets personnels. BTS se pr\u00e9pare \u00e0 rena\u00eetre avec un album attendu, peut-\u00eatre une tourn\u00e9e, et un message renouvel\u00e9 \u2014 entre histoire, maturit\u00e9 et ambition musicale.<\/p>\n","protected":false},"excerpt":{"rendered":"<p>Le dernier membre lib\u00e9r\u00e9 : Suga retrouve sa libert\u00e9 Le 21 juin 2025, Suga a officiellement termin\u00e9 son service militaire alternatif, devenant ainsi le dernier membre de BTS \u00e0 \u00eatre lib\u00e9r\u00e9 de son devoir national. Avec Jin, J-Hope, RM, V, Jimin et Jungkook d\u00e9j\u00e0 de retour, la formation est d\u00e9sormais compl\u00e8te pour la premi\u00e8re fois &hellip; <a href=\"https:\/\/www.bourse-du-travail.com\/blog\/2025\/06\/25\/bts-pret-a-renaitre-tous-les-membres-sont-de-retour-cap-sur-2026\/\" class=\"more-link\">Continuer la lecture de <span class=\"screen-reader-text\">BTS pr\u00eat \u00e0 rena\u00eetre : tous les membres sont de retour, cap sur 2026<\/span><\/a><\/p>\n","protected":false},"author":1,"featured_media":210,"comment_status":"open","ping_status":"open","sticky":false,"template":"","format":"standard","meta":{"footnotes":""},"categories":[7],"tags":[],"class_list":["post-209","post","type-post","status-publish","format-standard","has-post-thumbnail","hentry","category-musique"],"yoast_head":"<!-- This site is optimized with the Yoast SEO plugin v27.5 - https:\/\/yoast.com\/product\/yoast-seo-wordpress\/ -->\n<title>BTS pr\u00eat \u00e0 rena\u00eetre : tous les membres sont de retour, cap sur 2026 - Bourse du travail<\/title>\n<meta name=\"robots\" content=\"index, follow, max-snippet:-1, max-image-preview:large, max-video-preview:-1\" \/>\n<link rel=\"canonical\" href=\"https:\/\/www.bourse-du-travail.com\/blog\/2025\/06\/25\/bts-pret-a-renaitre-tous-les-membres-sont-de-retour-cap-sur-2026\/\" \/>\n<meta property=\"og:locale\" content=\"fr_FR\" \/>\n<meta property=\"og:type\" content=\"article\" \/>\n<meta property=\"og:title\" content=\"BTS pr\u00eat \u00e0 rena\u00eetre : tous les membres sont de retour, cap sur 2026 - Bourse du travail\" \/>\n<meta property=\"og:description\" content=\"Le dernier membre lib\u00e9r\u00e9 : Suga retrouve sa libert\u00e9 Le 21 juin 2025, Suga a officiellement termin\u00e9 son service militaire alternatif, devenant ainsi le dernier membre de BTS \u00e0 \u00eatre lib\u00e9r\u00e9 de son devoir national. Avec Jin, J-Hope, RM, V, Jimin et Jungkook d\u00e9j\u00e0 de retour, la formation est d\u00e9sormais compl\u00e8te pour la premi\u00e8re fois &hellip; Continuer la lecture de BTS pr\u00eat \u00e0 rena\u00eetre : tous les membres sont de retour, cap sur 2026\" \/>\n<meta property=\"og:url\" content=\"https:\/\/www.bourse-du-travail.com\/blog\/2025\/06\/25\/bts-pret-a-renaitre-tous-les-membres-sont-de-retour-cap-sur-2026\/\" \/>\n<meta property=\"og:site_name\" content=\"Bourse du travail\" \/>\n<meta property=\"article:publisher\" content=\"https:\/\/www.facebook.com\/boursedutravail\" \/>\n<meta property=\"article:published_time\" content=\"2025-06-25T07:08:53+00:00\" \/>\n<meta property=\"og:image\" content=\"https:\/\/www.bourse-du-travail.com\/blog\/wp-content\/uploads\/2025\/06\/kpop.webp\" \/>\n\t<meta property=\"og:image:width\" content=\"1548\" \/>\n\t<meta property=\"og:image:height\" content=\"1024\" \/>\n\t<meta property=\"og:image:type\" content=\"image\/webp\" \/>\n<meta name=\"author\" content=\"Bourse du travail\" \/>\n<meta name=\"twitter:card\" content=\"summary_large_image\" \/>\n<meta name=\"twitter:label1\" content=\"\u00c9crit par\" \/>\n\t<meta name=\"twitter:data1\" content=\"Bourse du travail\" \/>\n\t<meta name=\"twitter:label2\" content=\"Dur\u00e9e de lecture estim\u00e9e\" \/>\n\t<meta name=\"twitter:data2\" content=\"3 minutes\" \/>\n<script type=\"application\/ld+json\" class=\"yoast-schema-graph\">{\"@context\":\"https:\\\/\\\/schema.org\",\"@graph\":[{\"@type\":\"Article\",\"@id\":\"https:\\\/\\\/www.bourse-du-travail.com\\\/blog\\\/2025\\\/06\\\/25\\\/bts-pret-a-renaitre-tous-les-membres-sont-de-retour-cap-sur-2026\\\/#article\",\"isPartOf\":{\"@id\":\"https:\\\/\\\/www.bourse-du-travail.com\\\/blog\\\/2025\\\/06\\\/25\\\/bts-pret-a-renaitre-tous-les-membres-sont-de-retour-cap-sur-2026\\\/\"},\"author\":{\"name\":\"Bourse du travail\",\"@id\":\"https:\\\/\\\/www.bourse-du-travail.com\\\/blog\\\/#\\\/schema\\\/person\\\/9926bb41184b7283fb1ed47808692276\"},\"headline\":\"BTS pr\u00eat \u00e0 rena\u00eetre : tous les membres sont de retour, cap sur 2026\",\"datePublished\":\"2025-06-25T07:08:53+00:00\",\"mainEntityOfPage\":{\"@id\":\"https:\\\/\\\/www.bourse-du-travail.com\\\/blog\\\/2025\\\/06\\\/25\\\/bts-pret-a-renaitre-tous-les-membres-sont-de-retour-cap-sur-2026\\\/\"},\"wordCount\":414,\"commentCount\":0,\"publisher\":{\"@id\":\"https:\\\/\\\/www.bourse-du-travail.com\\\/blog\\\/#organization\"},\"image\":{\"@id\":\"https:\\\/\\\/www.bourse-du-travail.com\\\/blog\\\/2025\\\/06\\\/25\\\/bts-pret-a-renaitre-tous-les-membres-sont-de-retour-cap-sur-2026\\\/#primaryimage\"},\"thumbnailUrl\":\"https:\\\/\\\/www.bourse-du-travail.com\\\/blog\\\/wp-content\\\/uploads\\\/2025\\\/06\\\/kpop.webp\",\"articleSection\":[\"Musique\"],\"inLanguage\":\"fr-FR\",\"potentialAction\":[{\"@type\":\"CommentAction\",\"name\":\"Comment\",\"target\":[\"https:\\\/\\\/www.bourse-du-travail.com\\\/blog\\\/2025\\\/06\\\/25\\\/bts-pret-a-renaitre-tous-les-membres-sont-de-retour-cap-sur-2026\\\/#respond\"]}]},{\"@type\":\"WebPage\",\"@id\":\"https:\\\/\\\/www.bourse-du-travail.com\\\/blog\\\/2025\\\/06\\\/25\\\/bts-pret-a-renaitre-tous-les-membres-sont-de-retour-cap-sur-2026\\\/\",\"url\":\"https:\\\/\\\/www.bourse-du-travail.com\\\/blog\\\/2025\\\/06\\\/25\\\/bts-pret-a-renaitre-tous-les-membres-sont-de-retour-cap-sur-2026\\\/\",\"name\":\"BTS pr\u00eat \u00e0 rena\u00eetre : tous les membres sont de retour, cap sur 2026 - Bourse du travail\",\"isPartOf\":{\"@id\":\"https:\\\/\\\/www.bourse-du-travail.com\\\/blog\\\/#website\"},\"primaryImageOfPage\":{\"@id\":\"https:\\\/\\\/www.bourse-du-travail.com\\\/blog\\\/2025\\\/06\\\/25\\\/bts-pret-a-renaitre-tous-les-membres-sont-de-retour-cap-sur-2026\\\/#primaryimage\"},\"image\":{\"@id\":\"https:\\\/\\\/www.bourse-du-travail.com\\\/blog\\\/2025\\\/06\\\/25\\\/bts-pret-a-renaitre-tous-les-membres-sont-de-retour-cap-sur-2026\\\/#primaryimage\"},\"thumbnailUrl\":\"https:\\\/\\\/www.bourse-du-travail.com\\\/blog\\\/wp-content\\\/uploads\\\/2025\\\/06\\\/kpop.webp\",\"datePublished\":\"2025-06-25T07:08:53+00:00\",\"breadcrumb\":{\"@id\":\"https:\\\/\\\/www.bourse-du-travail.com\\\/blog\\\/2025\\\/06\\\/25\\\/bts-pret-a-renaitre-tous-les-membres-sont-de-retour-cap-sur-2026\\\/#breadcrumb\"},\"inLanguage\":\"fr-FR\",\"potentialAction\":[{\"@type\":\"ReadAction\",\"target\":[\"https:\\\/\\\/www.bourse-du-travail.com\\\/blog\\\/2025\\\/06\\\/25\\\/bts-pret-a-renaitre-tous-les-membres-sont-de-retour-cap-sur-2026\\\/\"]}]},{\"@type\":\"ImageObject\",\"inLanguage\":\"fr-FR\",\"@id\":\"https:\\\/\\\/www.bourse-du-travail.com\\\/blog\\\/2025\\\/06\\\/25\\\/bts-pret-a-renaitre-tous-les-membres-sont-de-retour-cap-sur-2026\\\/#primaryimage\",\"url\":\"https:\\\/\\\/www.bourse-du-travail.com\\\/blog\\\/wp-content\\\/uploads\\\/2025\\\/06\\\/kpop.webp\",\"contentUrl\":\"https:\\\/\\\/www.bourse-du-travail.com\\\/blog\\\/wp-content\\\/uploads\\\/2025\\\/06\\\/kpop.webp\",\"width\":1548,\"height\":1024},{\"@type\":\"BreadcrumbList\",\"@id\":\"https:\\\/\\\/www.bourse-du-travail.com\\\/blog\\\/2025\\\/06\\\/25\\\/bts-pret-a-renaitre-tous-les-membres-sont-de-retour-cap-sur-2026\\\/#breadcrumb\",\"itemListElement\":[{\"@type\":\"ListItem\",\"position\":1,\"name\":\"Accueil\",\"item\":\"https:\\\/\\\/www.bourse-du-travail.com\\\/blog\\\/\"},{\"@type\":\"ListItem\",\"position\":2,\"name\":\"BTS pr\u00eat \u00e0 rena\u00eetre : tous les membres sont de retour, cap sur 2026\"}]},{\"@type\":\"WebSite\",\"@id\":\"https:\\\/\\\/www.bourse-du-travail.com\\\/blog\\\/#website\",\"url\":\"https:\\\/\\\/www.bourse-du-travail.com\\\/blog\\\/\",\"name\":\"Bourse du travail\",\"description\":\"Le blog Concerts et Musiques\",\"publisher\":{\"@id\":\"https:\\\/\\\/www.bourse-du-travail.com\\\/blog\\\/#organization\"},\"potentialAction\":[{\"@type\":\"SearchAction\",\"target\":{\"@type\":\"EntryPoint\",\"urlTemplate\":\"https:\\\/\\\/www.bourse-du-travail.com\\\/blog\\\/?s={search_term_string}\"},\"query-input\":{\"@type\":\"PropertyValueSpecification\",\"valueRequired\":true,\"valueName\":\"search_term_string\"}}],\"inLanguage\":\"fr-FR\"},{\"@type\":\"Organization\",\"@id\":\"https:\\\/\\\/www.bourse-du-travail.com\\\/blog\\\/#organization\",\"name\":\"Bourse du travail\",\"url\":\"https:\\\/\\\/www.bourse-du-travail.com\\\/blog\\\/\",\"logo\":{\"@type\":\"ImageObject\",\"inLanguage\":\"fr-FR\",\"@id\":\"https:\\\/\\\/www.bourse-du-travail.com\\\/blog\\\/#\\\/schema\\\/logo\\\/image\\\/\",\"url\":\"https:\\\/\\\/www.bourse-du-travail.com\\\/blog\\\/wp-content\\\/uploads\\\/2017\\\/04\\\/cropped-bourse-du-travail-2.jpg\",\"contentUrl\":\"https:\\\/\\\/www.bourse-du-travail.com\\\/blog\\\/wp-content\\\/uploads\\\/2017\\\/04\\\/cropped-bourse-du-travail-2.jpg\",\"width\":248,\"height\":248,\"caption\":\"Bourse du travail\"},\"image\":{\"@id\":\"https:\\\/\\\/www.bourse-du-travail.com\\\/blog\\\/#\\\/schema\\\/logo\\\/image\\\/\"},\"sameAs\":[\"https:\\\/\\\/www.facebook.com\\\/boursedutravail\"]},{\"@type\":\"Person\",\"@id\":\"https:\\\/\\\/www.bourse-du-travail.com\\\/blog\\\/#\\\/schema\\\/person\\\/9926bb41184b7283fb1ed47808692276\",\"name\":\"Bourse du travail\",\"image\":{\"@type\":\"ImageObject\",\"inLanguage\":\"fr-FR\",\"@id\":\"https:\\\/\\\/secure.gravatar.com\\\/avatar\\\/6aaa2db7c91316f8097aa34158681e8a949b827f2fa1d6a623275606afbb879d?s=96&d=mm&r=g\",\"url\":\"https:\\\/\\\/secure.gravatar.com\\\/avatar\\\/6aaa2db7c91316f8097aa34158681e8a949b827f2fa1d6a623275606afbb879d?s=96&d=mm&r=g\",\"contentUrl\":\"https:\\\/\\\/secure.gravatar.com\\\/avatar\\\/6aaa2db7c91316f8097aa34158681e8a949b827f2fa1d6a623275606afbb879d?s=96&d=mm&r=g\",\"caption\":\"Bourse du travail\"}}]}<\/script>\n<!-- \/ Yoast SEO plugin. -->","yoast_head_json":{"title":"BTS pr\u00eat \u00e0 rena\u00eetre : tous les membres sont de retour, cap sur 2026 - Bourse du travail","robots":{"index":"index","follow":"follow","max-snippet":"max-snippet:-1","max-image-preview":"max-image-preview:large","max-video-preview":"max-video-preview:-1"},"canonical":"https:\/\/www.bourse-du-travail.com\/blog\/2025\/06\/25\/bts-pret-a-renaitre-tous-les-membres-sont-de-retour-cap-sur-2026\/","og_locale":"fr_FR","og_type":"article","og_title":"BTS pr\u00eat \u00e0 rena\u00eetre : tous les membres sont de retour, cap sur 2026 - Bourse du travail","og_description":"Le dernier membre lib\u00e9r\u00e9 : Suga retrouve sa libert\u00e9 Le 21 juin 2025, Suga a officiellement termin\u00e9 son service militaire alternatif, devenant ainsi le dernier membre de BTS \u00e0 \u00eatre lib\u00e9r\u00e9 de son devoir national. Avec Jin, J-Hope, RM, V, Jimin et Jungkook d\u00e9j\u00e0 de retour, la formation est d\u00e9sormais compl\u00e8te pour la premi\u00e8re fois &hellip; Continuer la lecture de BTS pr\u00eat \u00e0 rena\u00eetre : tous les membres sont de retour, cap sur 2026","og_url":"https:\/\/www.bourse-du-travail.com\/blog\/2025\/06\/25\/bts-pret-a-renaitre-tous-les-membres-sont-de-retour-cap-sur-2026\/","og_site_name":"Bourse du travail","article_publisher":"https:\/\/www.facebook.com\/boursedutravail","article_published_time":"2025-06-25T07:08:53+00:00","og_image":[{"width":1548,"height":1024,"url":"https:\/\/www.bourse-du-travail.com\/blog\/wp-content\/uploads\/2025\/06\/kpop.webp","type":"image\/webp"}],"author":"Bourse du travail","twitter_card":"summary_large_image","twitter_misc":{"\u00c9crit par":"Bourse du travail","Dur\u00e9e de lecture estim\u00e9e":"3 minutes"},"schema":{"@context":"https:\/\/schema.org","@graph":[{"@type":"Article","@id":"https:\/\/www.bourse-du-travail.com\/blog\/2025\/06\/25\/bts-pret-a-renaitre-tous-les-membres-sont-de-retour-cap-sur-2026\/#article","isPartOf":{"@id":"https:\/\/www.bourse-du-travail.com\/blog\/2025\/06\/25\/bts-pret-a-renaitre-tous-les-membres-sont-de-retour-cap-sur-2026\/"},"author":{"name":"Bourse du travail","@id":"https:\/\/www.bourse-du-travail.com\/blog\/#\/schema\/person\/9926bb41184b7283fb1ed47808692276"},"headline":"BTS pr\u00eat \u00e0 rena\u00eetre : tous les membres sont de retour, cap sur 2026","datePublished":"2025-06-25T07:08:53+00:00","mainEntityOfPage":{"@id":"https:\/\/www.bourse-du-travail.com\/blog\/2025\/06\/25\/bts-pret-a-renaitre-tous-les-membres-sont-de-retour-cap-sur-2026\/"},"wordCount":414,"commentCount":0,"publisher":{"@id":"https:\/\/www.bourse-du-travail.com\/blog\/#organization"},"image":{"@id":"https:\/\/www.bourse-du-travail.com\/blog\/2025\/06\/25\/bts-pret-a-renaitre-tous-les-membres-sont-de-retour-cap-sur-2026\/#primaryimage"},"thumbnailUrl":"https:\/\/www.bourse-du-travail.com\/blog\/wp-content\/uploads\/2025\/06\/kpop.webp","articleSection":["Musique"],"inLanguage":"fr-FR","potentialAction":[{"@type":"CommentAction","name":"Comment","target":["https:\/\/www.bourse-du-travail.com\/blog\/2025\/06\/25\/bts-pret-a-renaitre-tous-les-membres-sont-de-retour-cap-sur-2026\/#respond"]}]},{"@type":"WebPage","@id":"https:\/\/www.bourse-du-travail.com\/blog\/2025\/06\/25\/bts-pret-a-renaitre-tous-les-membres-sont-de-retour-cap-sur-2026\/","url":"https:\/\/www.bourse-du-travail.com\/blog\/2025\/06\/25\/bts-pret-a-renaitre-tous-les-membres-sont-de-retour-cap-sur-2026\/","name":"BTS pr\u00eat \u00e0 rena\u00eetre : tous les membres sont de retour, cap sur 2026 - Bourse du travail","isPartOf":{"@id":"https:\/\/www.bourse-du-travail.com\/blog\/#website"},"primaryImageOfPage":{"@id":"https:\/\/www.bourse-du-travail.com\/blog\/2025\/06\/25\/bts-pret-a-renaitre-tous-les-membres-sont-de-retour-cap-sur-2026\/#primaryimage"},"image":{"@id":"https:\/\/www.bourse-du-travail.com\/blog\/2025\/06\/25\/bts-pret-a-renaitre-tous-les-membres-sont-de-retour-cap-sur-2026\/#primaryimage"},"thumbnailUrl":"https:\/\/www.bourse-du-travail.com\/blog\/wp-content\/uploads\/2025\/06\/kpop.webp","datePublished":"2025-06-25T07:08:53+00:00","breadcrumb":{"@id":"https:\/\/www.bourse-du-travail.com\/blog\/2025\/06\/25\/bts-pret-a-renaitre-tous-les-membres-sont-de-retour-cap-sur-2026\/#breadcrumb"},"inLanguage":"fr-FR","potentialAction":[{"@type":"ReadAction","target":["https:\/\/www.bourse-du-travail.com\/blog\/2025\/06\/25\/bts-pret-a-renaitre-tous-les-membres-sont-de-retour-cap-sur-2026\/"]}]},{"@type":"ImageObject","inLanguage":"fr-FR","@id":"https:\/\/www.bourse-du-travail.com\/blog\/2025\/06\/25\/bts-pret-a-renaitre-tous-les-membres-sont-de-retour-cap-sur-2026\/#primaryimage","url":"https:\/\/www.bourse-du-travail.com\/blog\/wp-content\/uploads\/2025\/06\/kpop.webp","contentUrl":"https:\/\/www.bourse-du-travail.com\/blog\/wp-content\/uploads\/2025\/06\/kpop.webp","width":1548,"height":1024},{"@type":"BreadcrumbList","@id":"https:\/\/www.bourse-du-travail.com\/blog\/2025\/06\/25\/bts-pret-a-renaitre-tous-les-membres-sont-de-retour-cap-sur-2026\/#breadcrumb","itemListElement":[{"@type":"ListItem","position":1,"name":"Accueil","item":"https:\/\/www.bourse-du-travail.com\/blog\/"},{"@type":"ListItem","position":2,"name":"BTS pr\u00eat \u00e0 rena\u00eetre : tous les membres sont de retour, cap sur 2026"}]},{"@type":"WebSite","@id":"https:\/\/www.bourse-du-travail.com\/blog\/#website","url":"https:\/\/www.bourse-du-travail.com\/blog\/","name":"Bourse du travail","description":"Le blog Concerts et Musiques","publisher":{"@id":"https:\/\/www.bourse-du-travail.com\/blog\/#organization"},"potentialAction":[{"@type":"SearchAction","target":{"@type":"EntryPoint","urlTemplate":"https:\/\/www.bourse-du-travail.com\/blog\/?s={search_term_string}"},"query-input":{"@type":"PropertyValueSpecification","valueRequired":true,"valueName":"search_term_string"}}],"inLanguage":"fr-FR"},{"@type":"Organization","@id":"https:\/\/www.bourse-du-travail.com\/blog\/#organization","name":"Bourse du travail","url":"https:\/\/www.bourse-du-travail.com\/blog\/","logo":{"@type":"ImageObject","inLanguage":"fr-FR","@id":"https:\/\/www.bourse-du-travail.com\/blog\/#\/schema\/logo\/image\/","url":"https:\/\/www.bourse-du-travail.com\/blog\/wp-content\/uploads\/2017\/04\/cropped-bourse-du-travail-2.jpg","contentUrl":"https:\/\/www.bourse-du-travail.com\/blog\/wp-content\/uploads\/2017\/04\/cropped-bourse-du-travail-2.jpg","width":248,"height":248,"caption":"Bourse du travail"},"image":{"@id":"https:\/\/www.bourse-du-travail.com\/blog\/#\/schema\/logo\/image\/"},"sameAs":["https:\/\/www.facebook.com\/boursedutravail"]},{"@type":"Person","@id":"https:\/\/www.bourse-du-travail.com\/blog\/#\/schema\/person\/9926bb41184b7283fb1ed47808692276","name":"Bourse du travail","image":{"@type":"ImageObject","inLanguage":"fr-FR","@id":"https:\/\/secure.gravatar.com\/avatar\/6aaa2db7c91316f8097aa34158681e8a949b827f2fa1d6a623275606afbb879d?s=96&d=mm&r=g","url":"https:\/\/secure.gravatar.com\/avatar\/6aaa2db7c91316f8097aa34158681e8a949b827f2fa1d6a623275606afbb879d?s=96&d=mm&r=g","contentUrl":"https:\/\/secure.gravatar.com\/avatar\/6aaa2db7c91316f8097aa34158681e8a949b827f2fa1d6a623275606afbb879d?s=96&d=mm&r=g","caption":"Bourse du travail"}}]}},"_links":{"self":[{"href":"https:\/\/www.bourse-du-travail.com\/blog\/wp-json\/wp\/v2\/posts\/209","targetHints":{"allow":["GET"]}}],"collection":[{"href":"https:\/\/www.bourse-du-travail.com\/blog\/wp-json\/wp\/v2\/posts"}],"about":[{"href":"https:\/\/www.bourse-du-travail.com\/blog\/wp-json\/wp\/v2\/types\/post"}],"author":[{"embeddable":true,"href":"https:\/\/www.bourse-du-travail.com\/blog\/wp-json\/wp\/v2\/users\/1"}],"replies":[{"embeddable":true,"href":"https:\/\/www.bourse-du-travail.com\/blog\/wp-json\/wp\/v2\/comments?post=209"}],"version-history":[{"count":1,"href":"https:\/\/www.bourse-du-travail.com\/blog\/wp-json\/wp\/v2\/posts\/209\/revisions"}],"predecessor-version":[{"id":211,"href":"https:\/\/www.bourse-du-travail.com\/blog\/wp-json\/wp\/v2\/posts\/209\/revisions\/211"}],"wp:featuredmedia":[{"embeddable":true,"href":"https:\/\/www.bourse-du-travail.com\/blog\/wp-json\/wp\/v2\/media\/210"}],"wp:attachment":[{"href":"https:\/\/www.bourse-du-travail.com\/blog\/wp-json\/wp\/v2\/media?parent=209"}],"wp:term":[{"taxonomy":"category","embeddable":true,"href":"https:\/\/www.bourse-du-travail.com\/blog\/wp-json\/wp\/v2\/categories?post=209"},{"taxonomy":"post_tag","embeddable":true,"href":"https:\/\/www.bourse-du-travail.com\/blog\/wp-json\/wp\/v2\/tags?post=209"}],"curies":[{"name":"wp","href":"https:\/\/api.w.org\/{rel}","templated":true}]}}