{"id":206,"date":"2025-06-24T09:30:04","date_gmt":"2025-06-24T07:30:04","guid":{"rendered":"https:\/\/www.bourse-du-travail.com\/blog\/?p=206"},"modified":"2025-06-24T09:30:38","modified_gmt":"2025-06-24T07:30:38","slug":"vianney-abandonne-the-voice-pour-un-projet-nature-construire-une-cabane-et-renouer-avec-la-creation","status":"publish","type":"post","link":"https:\/\/www.bourse-du-travail.com\/blog\/2025\/06\/24\/vianney-abandonne-the-voice-pour-un-projet-nature-construire-une-cabane-et-renouer-avec-la-creation\/","title":{"rendered":"Vianney abandonne \u201cThe Voice\u201d pour un projet nature : construire une cabane et renouer avec la cr\u00e9ation"},"content":{"rendered":"\n<h2 class=\"wp-block-heading\">Vianney met temporairement sa carri\u00e8re en pause<\/h2>\n\n\n\n<p>Le chanteur fran\u00e7ais Vianney, actuellement jur\u00e9 de l&rsquo;\u00e9mission \u00ab\u00a0The Voice\u00a0\u00bb, a annonc\u00e9 le 23 juin 2025 sur Instagram qu\u2019il prenait une pause pour un projet aussi surprenant qu\u2019authentique : construire avec ses propres mains une cabane en pleine nature. Ce retour \u00e0 l\u2019essentiel marque une rupture avec son quotidien m\u00e9diatique et artistique. Apr\u00e8s cinq ann\u00e9es consacr\u00e9es \u00e0 accompagner et soutenir les talents d\u2019autres artistes, il ressent le besoin de \u00ab\u00a0tourner cette page\u00a0\u00bb.<\/p>\n\n\n\n<h2 class=\"wp-block-heading\">Un refuge pour se ressourcer loin des studios<\/h2>\n\n\n\n<p>Dans sa vid\u00e9o, Vianney explique vouloir \u00e9difier un petit refuge compos\u00e9 \u201cd\u2019un piano, d\u2019un lit, d\u2019une table\u201d, sans studio ni superflu. Il admet ne pas \u00eatre un charpentier, mais insiste : \u201cj\u2019en ai besoin\u201d. Ce geste, humble et introspectif, symbolise un d\u00e9sir profond de revenir \u00e0 la source de sa cr\u00e9ativit\u00e9. Il ambitionne ensuite de s\u2019y isoler cet hiver pour composer de nouvelles chansons, en totale complicit\u00e9 avec le silence et la nature.<\/p>\n\n\n\n<h2 class=\"wp-block-heading\">Loin des projecteurs, plus proche de l\u2019inspiration<\/h2>\n\n\n\n<p>En d\u00e9cidant de quitter temporairement \u00ab\u00a0The Voice\u00a0\u00bb, Vianney met son r\u00f4le m\u00e9diatique en suspens. Il explique ce choix comme un besoin de solitude pour red\u00e9couvrir \u201cle go\u00fbt pour son m\u00e9tier\u201d. Cette immersion volontaire loin du bruit et du tumulte repr\u00e9sente une qu\u00eate personnelle, o\u00f9 l\u2019homme et l\u2019artiste cherchent \u00e0 se reconnecter \u00e0 eux-m\u00eames. Un retour \u00e0 l\u2019\u00e9tat \u201cruche cr\u00e9ative\u201d plut\u00f4t que machine \u00e0 produire.<\/p>\n\n\n\n<h2 class=\"wp-block-heading\">Un artiste en qu\u00eate de renouveau<\/h2>\n\n\n\n<p>D\u2019origine b\u00e9arnaise, Vianney s\u2019est fait conna\u00eetre en 2014 gr\u00e2ce \u00e0 ses premiers albums et ses m\u00e9lodies sensibles. Depuis, il a encha\u00een\u00e9 tourn\u00e9es, \u00e9missions et projets vari\u00e9s \u2013 reprise de \u00ab\u00a0Hallelujah\u00a0\u00bb \u00e0 Notre-Dame, saison 14 de \u00ab\u00a0The Voice\u00a0\u00bb en 2025, etc. Ce nouveau projet repr\u00e9sente un tournant plus int\u00e9rieur, o\u00f9 la\u202fconstruction, la nature et la lenteur deviendraient sources d\u2019inspiration pour renouveler son art.<\/p>\n\n\n\n<h2 class=\"wp-block-heading\">Un projet minimaliste et po\u00e9tique<\/h2>\n\n\n\n<p>L\u2019id\u00e9e d\u2019une cabane avec l\u2019essentiel \u2013 piano, lit, table \u2013 souligne une volont\u00e9 de sobri\u00e9t\u00e9 cr\u00e9ative. Elle prolonge une inspiration folk et intime pr\u00e9sente dans ses morceaux. En 2024, il avait \u00e9voqu\u00e9 le besoin \u201cde d\u00e9crocher sans perdre le fil\u201d. Le projet lumineux, modeste dans sa mise en \u0153uvre, pourrait se transformer en catalyseur de nouvelles chansons authentiques, fa\u00e7onn\u00e9es par le silence et la contemplation.<\/p>\n","protected":false},"excerpt":{"rendered":"<p>Vianney met temporairement sa carri\u00e8re en pause Le chanteur fran\u00e7ais Vianney, actuellement jur\u00e9 de l&rsquo;\u00e9mission \u00ab\u00a0The Voice\u00a0\u00bb, a annonc\u00e9 le 23 juin 2025 sur Instagram qu\u2019il prenait une pause pour un projet aussi surprenant qu\u2019authentique : construire avec ses propres mains une cabane en pleine nature. Ce retour \u00e0 l\u2019essentiel marque une rupture avec son &hellip; <a href=\"https:\/\/www.bourse-du-travail.com\/blog\/2025\/06\/24\/vianney-abandonne-the-voice-pour-un-projet-nature-construire-une-cabane-et-renouer-avec-la-creation\/\" class=\"more-link\">Continuer la lecture de <span class=\"screen-reader-text\">Vianney abandonne \u201cThe Voice\u201d pour un projet nature : construire une cabane et renouer avec la cr\u00e9ation<\/span><\/a><\/p>\n","protected":false},"author":1,"featured_media":207,"comment_status":"open","ping_status":"open","sticky":false,"template":"","format":"standard","meta":{"footnotes":""},"categories":[1],"tags":[],"class_list":["post-206","post","type-post","status-publish","format-standard","has-post-thumbnail","hentry","category-non-classe"],"yoast_head":"<!-- This site is optimized with the Yoast SEO plugin v27.5 - https:\/\/yoast.com\/product\/yoast-seo-wordpress\/ -->\n<title>Vianney abandonne \u201cThe Voice\u201d pour un projet nature : construire une cabane et renouer avec la cr\u00e9ation - Bourse du travail<\/title>\n<meta name=\"robots\" content=\"index, follow, max-snippet:-1, max-image-preview:large, max-video-preview:-1\" \/>\n<link rel=\"canonical\" href=\"https:\/\/www.bourse-du-travail.com\/blog\/2025\/06\/24\/vianney-abandonne-the-voice-pour-un-projet-nature-construire-une-cabane-et-renouer-avec-la-creation\/\" \/>\n<meta property=\"og:locale\" content=\"fr_FR\" \/>\n<meta property=\"og:type\" content=\"article\" \/>\n<meta property=\"og:title\" content=\"Vianney abandonne \u201cThe Voice\u201d pour un projet nature : construire une cabane et renouer avec la cr\u00e9ation - Bourse du travail\" \/>\n<meta property=\"og:description\" content=\"Vianney met temporairement sa carri\u00e8re en pause Le chanteur fran\u00e7ais Vianney, actuellement jur\u00e9 de l&rsquo;\u00e9mission \u00ab\u00a0The Voice\u00a0\u00bb, a annonc\u00e9 le 23 juin 2025 sur Instagram qu\u2019il prenait une pause pour un projet aussi surprenant qu\u2019authentique : construire avec ses propres mains une cabane en pleine nature. Ce retour \u00e0 l\u2019essentiel marque une rupture avec son &hellip; Continuer la lecture de Vianney abandonne \u201cThe Voice\u201d pour un projet nature : construire une cabane et renouer avec la cr\u00e9ation\" \/>\n<meta property=\"og:url\" content=\"https:\/\/www.bourse-du-travail.com\/blog\/2025\/06\/24\/vianney-abandonne-the-voice-pour-un-projet-nature-construire-une-cabane-et-renouer-avec-la-creation\/\" \/>\n<meta property=\"og:site_name\" content=\"Bourse du travail\" \/>\n<meta property=\"article:publisher\" content=\"https:\/\/www.facebook.com\/boursedutravail\" \/>\n<meta property=\"article:published_time\" content=\"2025-06-24T07:30:04+00:00\" \/>\n<meta property=\"article:modified_time\" content=\"2025-06-24T07:30:38+00:00\" \/>\n<meta property=\"og:image\" content=\"https:\/\/www.bourse-du-travail.com\/blog\/wp-content\/uploads\/2025\/06\/vianney-scaled.jpg\" \/>\n\t<meta property=\"og:image:width\" content=\"2261\" \/>\n\t<meta property=\"og:image:height\" content=\"2560\" \/>\n\t<meta property=\"og:image:type\" content=\"image\/jpeg\" \/>\n<meta name=\"author\" content=\"Bourse du travail\" \/>\n<meta name=\"twitter:card\" content=\"summary_large_image\" \/>\n<meta name=\"twitter:label1\" content=\"\u00c9crit par\" \/>\n\t<meta name=\"twitter:data1\" content=\"Bourse du travail\" \/>\n\t<meta name=\"twitter:label2\" content=\"Dur\u00e9e de lecture estim\u00e9e\" \/>\n\t<meta name=\"twitter:data2\" content=\"3 minutes\" \/>\n<script type=\"application\/ld+json\" class=\"yoast-schema-graph\">{\"@context\":\"https:\\\/\\\/schema.org\",\"@graph\":[{\"@type\":\"Article\",\"@id\":\"https:\\\/\\\/www.bourse-du-travail.com\\\/blog\\\/2025\\\/06\\\/24\\\/vianney-abandonne-the-voice-pour-un-projet-nature-construire-une-cabane-et-renouer-avec-la-creation\\\/#article\",\"isPartOf\":{\"@id\":\"https:\\\/\\\/www.bourse-du-travail.com\\\/blog\\\/2025\\\/06\\\/24\\\/vianney-abandonne-the-voice-pour-un-projet-nature-construire-une-cabane-et-renouer-avec-la-creation\\\/\"},\"author\":{\"name\":\"Bourse du travail\",\"@id\":\"https:\\\/\\\/www.bourse-du-travail.com\\\/blog\\\/#\\\/schema\\\/person\\\/9926bb41184b7283fb1ed47808692276\"},\"headline\":\"Vianney abandonne \u201cThe Voice\u201d pour un projet nature : construire une cabane et renouer avec la cr\u00e9ation\",\"datePublished\":\"2025-06-24T07:30:04+00:00\",\"dateModified\":\"2025-06-24T07:30:38+00:00\",\"mainEntityOfPage\":{\"@id\":\"https:\\\/\\\/www.bourse-du-travail.com\\\/blog\\\/2025\\\/06\\\/24\\\/vianney-abandonne-the-voice-pour-un-projet-nature-construire-une-cabane-et-renouer-avec-la-creation\\\/\"},\"wordCount\":425,\"commentCount\":0,\"publisher\":{\"@id\":\"https:\\\/\\\/www.bourse-du-travail.com\\\/blog\\\/#organization\"},\"image\":{\"@id\":\"https:\\\/\\\/www.bourse-du-travail.com\\\/blog\\\/2025\\\/06\\\/24\\\/vianney-abandonne-the-voice-pour-un-projet-nature-construire-une-cabane-et-renouer-avec-la-creation\\\/#primaryimage\"},\"thumbnailUrl\":\"https:\\\/\\\/www.bourse-du-travail.com\\\/blog\\\/wp-content\\\/uploads\\\/2025\\\/06\\\/vianney-scaled-e1750750268672.jpg\",\"inLanguage\":\"fr-FR\",\"potentialAction\":[{\"@type\":\"CommentAction\",\"name\":\"Comment\",\"target\":[\"https:\\\/\\\/www.bourse-du-travail.com\\\/blog\\\/2025\\\/06\\\/24\\\/vianney-abandonne-the-voice-pour-un-projet-nature-construire-une-cabane-et-renouer-avec-la-creation\\\/#respond\"]}]},{\"@type\":\"WebPage\",\"@id\":\"https:\\\/\\\/www.bourse-du-travail.com\\\/blog\\\/2025\\\/06\\\/24\\\/vianney-abandonne-the-voice-pour-un-projet-nature-construire-une-cabane-et-renouer-avec-la-creation\\\/\",\"url\":\"https:\\\/\\\/www.bourse-du-travail.com\\\/blog\\\/2025\\\/06\\\/24\\\/vianney-abandonne-the-voice-pour-un-projet-nature-construire-une-cabane-et-renouer-avec-la-creation\\\/\",\"name\":\"Vianney abandonne \u201cThe Voice\u201d pour un projet nature : construire une cabane et renouer avec la cr\u00e9ation - Bourse du travail\",\"isPartOf\":{\"@id\":\"https:\\\/\\\/www.bourse-du-travail.com\\\/blog\\\/#website\"},\"primaryImageOfPage\":{\"@id\":\"https:\\\/\\\/www.bourse-du-travail.com\\\/blog\\\/2025\\\/06\\\/24\\\/vianney-abandonne-the-voice-pour-un-projet-nature-construire-une-cabane-et-renouer-avec-la-creation\\\/#primaryimage\"},\"image\":{\"@id\":\"https:\\\/\\\/www.bourse-du-travail.com\\\/blog\\\/2025\\\/06\\\/24\\\/vianney-abandonne-the-voice-pour-un-projet-nature-construire-une-cabane-et-renouer-avec-la-creation\\\/#primaryimage\"},\"thumbnailUrl\":\"https:\\\/\\\/www.bourse-du-travail.com\\\/blog\\\/wp-content\\\/uploads\\\/2025\\\/06\\\/vianney-scaled-e1750750268672.jpg\",\"datePublished\":\"2025-06-24T07:30:04+00:00\",\"dateModified\":\"2025-06-24T07:30:38+00:00\",\"breadcrumb\":{\"@id\":\"https:\\\/\\\/www.bourse-du-travail.com\\\/blog\\\/2025\\\/06\\\/24\\\/vianney-abandonne-the-voice-pour-un-projet-nature-construire-une-cabane-et-renouer-avec-la-creation\\\/#breadcrumb\"},\"inLanguage\":\"fr-FR\",\"potentialAction\":[{\"@type\":\"ReadAction\",\"target\":[\"https:\\\/\\\/www.bourse-du-travail.com\\\/blog\\\/2025\\\/06\\\/24\\\/vianney-abandonne-the-voice-pour-un-projet-nature-construire-une-cabane-et-renouer-avec-la-creation\\\/\"]}]},{\"@type\":\"ImageObject\",\"inLanguage\":\"fr-FR\",\"@id\":\"https:\\\/\\\/www.bourse-du-travail.com\\\/blog\\\/2025\\\/06\\\/24\\\/vianney-abandonne-the-voice-pour-un-projet-nature-construire-une-cabane-et-renouer-avec-la-creation\\\/#primaryimage\",\"url\":\"https:\\\/\\\/www.bourse-du-travail.com\\\/blog\\\/wp-content\\\/uploads\\\/2025\\\/06\\\/vianney-scaled-e1750750268672.jpg\",\"contentUrl\":\"https:\\\/\\\/www.bourse-du-travail.com\\\/blog\\\/wp-content\\\/uploads\\\/2025\\\/06\\\/vianney-scaled-e1750750268672.jpg\",\"width\":2260,\"height\":823},{\"@type\":\"BreadcrumbList\",\"@id\":\"https:\\\/\\\/www.bourse-du-travail.com\\\/blog\\\/2025\\\/06\\\/24\\\/vianney-abandonne-the-voice-pour-un-projet-nature-construire-une-cabane-et-renouer-avec-la-creation\\\/#breadcrumb\",\"itemListElement\":[{\"@type\":\"ListItem\",\"position\":1,\"name\":\"Accueil\",\"item\":\"https:\\\/\\\/www.bourse-du-travail.com\\\/blog\\\/\"},{\"@type\":\"ListItem\",\"position\":2,\"name\":\"Vianney abandonne \u201cThe Voice\u201d pour un projet nature : construire une cabane et renouer avec la cr\u00e9ation\"}]},{\"@type\":\"WebSite\",\"@id\":\"https:\\\/\\\/www.bourse-du-travail.com\\\/blog\\\/#website\",\"url\":\"https:\\\/\\\/www.bourse-du-travail.com\\\/blog\\\/\",\"name\":\"Bourse du travail\",\"description\":\"Le blog Concerts et Musiques\",\"publisher\":{\"@id\":\"https:\\\/\\\/www.bourse-du-travail.com\\\/blog\\\/#organization\"},\"potentialAction\":[{\"@type\":\"SearchAction\",\"target\":{\"@type\":\"EntryPoint\",\"urlTemplate\":\"https:\\\/\\\/www.bourse-du-travail.com\\\/blog\\\/?s={search_term_string}\"},\"query-input\":{\"@type\":\"PropertyValueSpecification\",\"valueRequired\":true,\"valueName\":\"search_term_string\"}}],\"inLanguage\":\"fr-FR\"},{\"@type\":\"Organization\",\"@id\":\"https:\\\/\\\/www.bourse-du-travail.com\\\/blog\\\/#organization\",\"name\":\"Bourse du travail\",\"url\":\"https:\\\/\\\/www.bourse-du-travail.com\\\/blog\\\/\",\"logo\":{\"@type\":\"ImageObject\",\"inLanguage\":\"fr-FR\",\"@id\":\"https:\\\/\\\/www.bourse-du-travail.com\\\/blog\\\/#\\\/schema\\\/logo\\\/image\\\/\",\"url\":\"https:\\\/\\\/www.bourse-du-travail.com\\\/blog\\\/wp-content\\\/uploads\\\/2017\\\/04\\\/cropped-bourse-du-travail-2.jpg\",\"contentUrl\":\"https:\\\/\\\/www.bourse-du-travail.com\\\/blog\\\/wp-content\\\/uploads\\\/2017\\\/04\\\/cropped-bourse-du-travail-2.jpg\",\"width\":248,\"height\":248,\"caption\":\"Bourse du travail\"},\"image\":{\"@id\":\"https:\\\/\\\/www.bourse-du-travail.com\\\/blog\\\/#\\\/schema\\\/logo\\\/image\\\/\"},\"sameAs\":[\"https:\\\/\\\/www.facebook.com\\\/boursedutravail\"]},{\"@type\":\"Person\",\"@id\":\"https:\\\/\\\/www.bourse-du-travail.com\\\/blog\\\/#\\\/schema\\\/person\\\/9926bb41184b7283fb1ed47808692276\",\"name\":\"Bourse du travail\",\"image\":{\"@type\":\"ImageObject\",\"inLanguage\":\"fr-FR\",\"@id\":\"https:\\\/\\\/secure.gravatar.com\\\/avatar\\\/6aaa2db7c91316f8097aa34158681e8a949b827f2fa1d6a623275606afbb879d?s=96&d=mm&r=g\",\"url\":\"https:\\\/\\\/secure.gravatar.com\\\/avatar\\\/6aaa2db7c91316f8097aa34158681e8a949b827f2fa1d6a623275606afbb879d?s=96&d=mm&r=g\",\"contentUrl\":\"https:\\\/\\\/secure.gravatar.com\\\/avatar\\\/6aaa2db7c91316f8097aa34158681e8a949b827f2fa1d6a623275606afbb879d?s=96&d=mm&r=g\",\"caption\":\"Bourse du travail\"}}]}<\/script>\n<!-- \/ Yoast SEO plugin. -->","yoast_head_json":{"title":"Vianney abandonne \u201cThe Voice\u201d pour un projet nature : construire une cabane et renouer avec la cr\u00e9ation - Bourse du travail","robots":{"index":"index","follow":"follow","max-snippet":"max-snippet:-1","max-image-preview":"max-image-preview:large","max-video-preview":"max-video-preview:-1"},"canonical":"https:\/\/www.bourse-du-travail.com\/blog\/2025\/06\/24\/vianney-abandonne-the-voice-pour-un-projet-nature-construire-une-cabane-et-renouer-avec-la-creation\/","og_locale":"fr_FR","og_type":"article","og_title":"Vianney abandonne \u201cThe Voice\u201d pour un projet nature : construire une cabane et renouer avec la cr\u00e9ation - Bourse du travail","og_description":"Vianney met temporairement sa carri\u00e8re en pause Le chanteur fran\u00e7ais Vianney, actuellement jur\u00e9 de l&rsquo;\u00e9mission \u00ab\u00a0The Voice\u00a0\u00bb, a annonc\u00e9 le 23 juin 2025 sur Instagram qu\u2019il prenait une pause pour un projet aussi surprenant qu\u2019authentique : construire avec ses propres mains une cabane en pleine nature. Ce retour \u00e0 l\u2019essentiel marque une rupture avec son &hellip; Continuer la lecture de Vianney abandonne \u201cThe Voice\u201d pour un projet nature : construire une cabane et renouer avec la cr\u00e9ation","og_url":"https:\/\/www.bourse-du-travail.com\/blog\/2025\/06\/24\/vianney-abandonne-the-voice-pour-un-projet-nature-construire-une-cabane-et-renouer-avec-la-creation\/","og_site_name":"Bourse du travail","article_publisher":"https:\/\/www.facebook.com\/boursedutravail","article_published_time":"2025-06-24T07:30:04+00:00","article_modified_time":"2025-06-24T07:30:38+00:00","og_image":[{"width":2261,"height":2560,"url":"https:\/\/www.bourse-du-travail.com\/blog\/wp-content\/uploads\/2025\/06\/vianney-scaled.jpg","type":"image\/jpeg"}],"author":"Bourse du travail","twitter_card":"summary_large_image","twitter_misc":{"\u00c9crit par":"Bourse du travail","Dur\u00e9e de lecture estim\u00e9e":"3 minutes"},"schema":{"@context":"https:\/\/schema.org","@graph":[{"@type":"Article","@id":"https:\/\/www.bourse-du-travail.com\/blog\/2025\/06\/24\/vianney-abandonne-the-voice-pour-un-projet-nature-construire-une-cabane-et-renouer-avec-la-creation\/#article","isPartOf":{"@id":"https:\/\/www.bourse-du-travail.com\/blog\/2025\/06\/24\/vianney-abandonne-the-voice-pour-un-projet-nature-construire-une-cabane-et-renouer-avec-la-creation\/"},"author":{"name":"Bourse du travail","@id":"https:\/\/www.bourse-du-travail.com\/blog\/#\/schema\/person\/9926bb41184b7283fb1ed47808692276"},"headline":"Vianney abandonne \u201cThe Voice\u201d pour un projet nature : construire une cabane et renouer avec la cr\u00e9ation","datePublished":"2025-06-24T07:30:04+00:00","dateModified":"2025-06-24T07:30:38+00:00","mainEntityOfPage":{"@id":"https:\/\/www.bourse-du-travail.com\/blog\/2025\/06\/24\/vianney-abandonne-the-voice-pour-un-projet-nature-construire-une-cabane-et-renouer-avec-la-creation\/"},"wordCount":425,"commentCount":0,"publisher":{"@id":"https:\/\/www.bourse-du-travail.com\/blog\/#organization"},"image":{"@id":"https:\/\/www.bourse-du-travail.com\/blog\/2025\/06\/24\/vianney-abandonne-the-voice-pour-un-projet-nature-construire-une-cabane-et-renouer-avec-la-creation\/#primaryimage"},"thumbnailUrl":"https:\/\/www.bourse-du-travail.com\/blog\/wp-content\/uploads\/2025\/06\/vianney-scaled-e1750750268672.jpg","inLanguage":"fr-FR","potentialAction":[{"@type":"CommentAction","name":"Comment","target":["https:\/\/www.bourse-du-travail.com\/blog\/2025\/06\/24\/vianney-abandonne-the-voice-pour-un-projet-nature-construire-une-cabane-et-renouer-avec-la-creation\/#respond"]}]},{"@type":"WebPage","@id":"https:\/\/www.bourse-du-travail.com\/blog\/2025\/06\/24\/vianney-abandonne-the-voice-pour-un-projet-nature-construire-une-cabane-et-renouer-avec-la-creation\/","url":"https:\/\/www.bourse-du-travail.com\/blog\/2025\/06\/24\/vianney-abandonne-the-voice-pour-un-projet-nature-construire-une-cabane-et-renouer-avec-la-creation\/","name":"Vianney abandonne \u201cThe Voice\u201d pour un projet nature : construire une cabane et renouer avec la cr\u00e9ation - Bourse du travail","isPartOf":{"@id":"https:\/\/www.bourse-du-travail.com\/blog\/#website"},"primaryImageOfPage":{"@id":"https:\/\/www.bourse-du-travail.com\/blog\/2025\/06\/24\/vianney-abandonne-the-voice-pour-un-projet-nature-construire-une-cabane-et-renouer-avec-la-creation\/#primaryimage"},"image":{"@id":"https:\/\/www.bourse-du-travail.com\/blog\/2025\/06\/24\/vianney-abandonne-the-voice-pour-un-projet-nature-construire-une-cabane-et-renouer-avec-la-creation\/#primaryimage"},"thumbnailUrl":"https:\/\/www.bourse-du-travail.com\/blog\/wp-content\/uploads\/2025\/06\/vianney-scaled-e1750750268672.jpg","datePublished":"2025-06-24T07:30:04+00:00","dateModified":"2025-06-24T07:30:38+00:00","breadcrumb":{"@id":"https:\/\/www.bourse-du-travail.com\/blog\/2025\/06\/24\/vianney-abandonne-the-voice-pour-un-projet-nature-construire-une-cabane-et-renouer-avec-la-creation\/#breadcrumb"},"inLanguage":"fr-FR","potentialAction":[{"@type":"ReadAction","target":["https:\/\/www.bourse-du-travail.com\/blog\/2025\/06\/24\/vianney-abandonne-the-voice-pour-un-projet-nature-construire-une-cabane-et-renouer-avec-la-creation\/"]}]},{"@type":"ImageObject","inLanguage":"fr-FR","@id":"https:\/\/www.bourse-du-travail.com\/blog\/2025\/06\/24\/vianney-abandonne-the-voice-pour-un-projet-nature-construire-une-cabane-et-renouer-avec-la-creation\/#primaryimage","url":"https:\/\/www.bourse-du-travail.com\/blog\/wp-content\/uploads\/2025\/06\/vianney-scaled-e1750750268672.jpg","contentUrl":"https:\/\/www.bourse-du-travail.com\/blog\/wp-content\/uploads\/2025\/06\/vianney-scaled-e1750750268672.jpg","width":2260,"height":823},{"@type":"BreadcrumbList","@id":"https:\/\/www.bourse-du-travail.com\/blog\/2025\/06\/24\/vianney-abandonne-the-voice-pour-un-projet-nature-construire-une-cabane-et-renouer-avec-la-creation\/#breadcrumb","itemListElement":[{"@type":"ListItem","position":1,"name":"Accueil","item":"https:\/\/www.bourse-du-travail.com\/blog\/"},{"@type":"ListItem","position":2,"name":"Vianney abandonne \u201cThe Voice\u201d pour un projet nature : construire une cabane et renouer avec la cr\u00e9ation"}]},{"@type":"WebSite","@id":"https:\/\/www.bourse-du-travail.com\/blog\/#website","url":"https:\/\/www.bourse-du-travail.com\/blog\/","name":"Bourse du travail","description":"Le blog Concerts et Musiques","publisher":{"@id":"https:\/\/www.bourse-du-travail.com\/blog\/#organization"},"potentialAction":[{"@type":"SearchAction","target":{"@type":"EntryPoint","urlTemplate":"https:\/\/www.bourse-du-travail.com\/blog\/?s={search_term_string}"},"query-input":{"@type":"PropertyValueSpecification","valueRequired":true,"valueName":"search_term_string"}}],"inLanguage":"fr-FR"},{"@type":"Organization","@id":"https:\/\/www.bourse-du-travail.com\/blog\/#organization","name":"Bourse du travail","url":"https:\/\/www.bourse-du-travail.com\/blog\/","logo":{"@type":"ImageObject","inLanguage":"fr-FR","@id":"https:\/\/www.bourse-du-travail.com\/blog\/#\/schema\/logo\/image\/","url":"https:\/\/www.bourse-du-travail.com\/blog\/wp-content\/uploads\/2017\/04\/cropped-bourse-du-travail-2.jpg","contentUrl":"https:\/\/www.bourse-du-travail.com\/blog\/wp-content\/uploads\/2017\/04\/cropped-bourse-du-travail-2.jpg","width":248,"height":248,"caption":"Bourse du travail"},"image":{"@id":"https:\/\/www.bourse-du-travail.com\/blog\/#\/schema\/logo\/image\/"},"sameAs":["https:\/\/www.facebook.com\/boursedutravail"]},{"@type":"Person","@id":"https:\/\/www.bourse-du-travail.com\/blog\/#\/schema\/person\/9926bb41184b7283fb1ed47808692276","name":"Bourse du travail","image":{"@type":"ImageObject","inLanguage":"fr-FR","@id":"https:\/\/secure.gravatar.com\/avatar\/6aaa2db7c91316f8097aa34158681e8a949b827f2fa1d6a623275606afbb879d?s=96&d=mm&r=g","url":"https:\/\/secure.gravatar.com\/avatar\/6aaa2db7c91316f8097aa34158681e8a949b827f2fa1d6a623275606afbb879d?s=96&d=mm&r=g","contentUrl":"https:\/\/secure.gravatar.com\/avatar\/6aaa2db7c91316f8097aa34158681e8a949b827f2fa1d6a623275606afbb879d?s=96&d=mm&r=g","caption":"Bourse du travail"}}]}},"_links":{"self":[{"href":"https:\/\/www.bourse-du-travail.com\/blog\/wp-json\/wp\/v2\/posts\/206","targetHints":{"allow":["GET"]}}],"collection":[{"href":"https:\/\/www.bourse-du-travail.com\/blog\/wp-json\/wp\/v2\/posts"}],"about":[{"href":"https:\/\/www.bourse-du-travail.com\/blog\/wp-json\/wp\/v2\/types\/post"}],"author":[{"embeddable":true,"href":"https:\/\/www.bourse-du-travail.com\/blog\/wp-json\/wp\/v2\/users\/1"}],"replies":[{"embeddable":true,"href":"https:\/\/www.bourse-du-travail.com\/blog\/wp-json\/wp\/v2\/comments?post=206"}],"version-history":[{"count":1,"href":"https:\/\/www.bourse-du-travail.com\/blog\/wp-json\/wp\/v2\/posts\/206\/revisions"}],"predecessor-version":[{"id":208,"href":"https:\/\/www.bourse-du-travail.com\/blog\/wp-json\/wp\/v2\/posts\/206\/revisions\/208"}],"wp:featuredmedia":[{"embeddable":true,"href":"https:\/\/www.bourse-du-travail.com\/blog\/wp-json\/wp\/v2\/media\/207"}],"wp:attachment":[{"href":"https:\/\/www.bourse-du-travail.com\/blog\/wp-json\/wp\/v2\/media?parent=206"}],"wp:term":[{"taxonomy":"category","embeddable":true,"href":"https:\/\/www.bourse-du-travail.com\/blog\/wp-json\/wp\/v2\/categories?post=206"},{"taxonomy":"post_tag","embeddable":true,"href":"https:\/\/www.bourse-du-travail.com\/blog\/wp-json\/wp\/v2\/tags?post=206"}],"curies":[{"name":"wp","href":"https:\/\/api.w.org\/{rel}","templated":true}]}}