{"id":203,"date":"2025-06-23T09:02:20","date_gmt":"2025-06-23T07:02:20","guid":{"rendered":"https:\/\/www.bourse-du-travail.com\/blog\/?p=203"},"modified":"2025-06-23T09:02:21","modified_gmt":"2025-06-23T07:02:21","slug":"en-2026-renaud-chantera-lamour-un-nouvel-album-et-une-chanson-pour-cerise","status":"publish","type":"post","link":"https:\/\/www.bourse-du-travail.com\/blog\/2025\/06\/23\/en-2026-renaud-chantera-lamour-un-nouvel-album-et-une-chanson-pour-cerise\/","title":{"rendered":"En 2026, Renaud chantera l\u2019amour : un nouvel album et une chanson pour Cerise"},"content":{"rendered":"\n<h2 class=\"wp-block-heading\">Renaud annonce un nouvel album pour 2026<\/h2>\n\n\n\n<p>\u00c0 l\u2019occasion d\u2019une interview accord\u00e9e le 20 juin 2025 \u00e0 RTL, Renaud a annonc\u00e9 qu\u2019il travaille activement sur un nouvel album, pr\u00e9vu pour 2026. Malgr\u00e9 la lenteur du processus, l\u2019artiste de 73 ans assure \u00eatre en bonne voie : \u00ab&nbsp;J\u2019ai trois chansons en cours d\u2019\u00e9criture, il m\u2019en manque quelques\u2011unes, mais j\u2019y arriverai pour 2026&nbsp;\u00bb. Une tr\u00e8s bonne nouvelle pour les fans qui attendent depuis longtemps un retour discographique du chanteur.<\/p>\n\n\n\n<h2 class=\"wp-block-heading\">Une chanson d\u2019amour d\u00e9di\u00e9e \u00e0 son \u00e9pouse Cerise<\/h2>\n\n\n\n<p>Plus \u00e9mouvant encore, Renaud r\u00e9v\u00e8le qu\u2019il souhaite inclure dans cet album \u00ab&nbsp;la plus belle des chansons d\u2019amour&nbsp;\u00bb, d\u00e9di\u00e9e \u00e0 Cerise, sa femme depuis mai 2024. Touch\u00e9 par leur relation, il a exprim\u00e9 son d\u00e9sir d\u2019\u00e9crire un morceau profond\u00e9ment personnel pour elle, renvoyant \u00e0 ses pr\u00e9c\u00e9dentes ballades d\u00e9di\u00e9es \u00e0 sa famille, comme \u00ab&nbsp;Morgane de toi&nbsp;\u00bb. Une promesse romantique qui en dit long sur l\u2019\u00e9tat d\u2019esprit du chanteur.<\/p>\n\n\n\n<h2 class=\"wp-block-heading\">Un projet m\u00fbri dans une vie apais\u00e9e<\/h2>\n\n\n\n<p>Depuis qu\u2019il m\u00e8ne une vie plus tranquille avec Cerise dans un village pr\u00e8s de Nantes, Renaud semble apais\u00e9 et inspir\u00e9. Lib\u00e9r\u00e9 de ses anciennes addictions et pr\u00e9occupations, il met aujourd\u2019hui toute son \u00e9nergie dans ses compositions. Ce choix de retrouver une vie simple, loin du tumulte m\u00e9diatique, fait \u00e9cho \u00e0 sa d\u00e9marche artistique : plus intime, plus sinc\u00e8re, et r\u00e9solument tourn\u00e9e vers l\u2019essentiel.<\/p>\n\n\n\n<h2 class=\"wp-block-heading\">Une trajectoire riche et inspirante<\/h2>\n\n\n\n<p>Avec cinquante ann\u00e9es de carri\u00e8re \u00e0 son actif, Renaud est une figure incontournable de la chanson fran\u00e7aise. Il a travers\u00e9 des hauts et des bas \u2014 entre succ\u00e8s, engagement politique, addictions, et crises personnelles. Pourtant, sa capacit\u00e9 \u00e0 revenir, \u00e0 se r\u00e9inventer et \u00e0 \u00e9mouvoir reste intacte. Ce nouvel album, prometteur et authentique, s\u2019inscrit dans cette continuit\u00e9 : un souffle neuf port\u00e9 par l\u2019exp\u00e9rience et la vie.<\/p>\n\n\n\n<h2 class=\"wp-block-heading\">Un retour attendu par les fans<\/h2>\n\n\n\n<p>Renaud reste discret sur les d\u00e9tails du projet : ni titres, ni collaborations, ni date pr\u00e9cise de sortie ne sont encore d\u00e9voil\u00e9s. Pourtant, sa d\u00e9claration suscite enthousiasme et curiosit\u00e9. Entre d\u00e9sir de tendresse et nostalgie, l\u2019annonce de cet album pour 2026 redonne de l\u2019espoir \u00e0 ceux qui le consid\u00e8rent comme une voix essentielle de la musique fran\u00e7aise, et un auteur-compositeur sensible aux joies simples et aux \u00e9motions brutes.<\/p>\n","protected":false},"excerpt":{"rendered":"<p>Renaud annonce un nouvel album pour 2026 \u00c0 l\u2019occasion d\u2019une interview accord\u00e9e le 20 juin 2025 \u00e0 RTL, Renaud a annonc\u00e9 qu\u2019il travaille activement sur un nouvel album, pr\u00e9vu pour 2026. Malgr\u00e9 la lenteur du processus, l\u2019artiste de 73 ans assure \u00eatre en bonne voie : \u00ab&nbsp;J\u2019ai trois chansons en cours d\u2019\u00e9criture, il m\u2019en manque &hellip; <a href=\"https:\/\/www.bourse-du-travail.com\/blog\/2025\/06\/23\/en-2026-renaud-chantera-lamour-un-nouvel-album-et-une-chanson-pour-cerise\/\" class=\"more-link\">Continuer la lecture de <span class=\"screen-reader-text\">En 2026, Renaud chantera l\u2019amour : un nouvel album et une chanson pour Cerise<\/span><\/a><\/p>\n","protected":false},"author":1,"featured_media":204,"comment_status":"open","ping_status":"open","sticky":false,"template":"","format":"standard","meta":{"footnotes":""},"categories":[7],"tags":[],"class_list":["post-203","post","type-post","status-publish","format-standard","has-post-thumbnail","hentry","category-musique"],"yoast_head":"<!-- This site is optimized with the Yoast SEO plugin v27.5 - https:\/\/yoast.com\/product\/yoast-seo-wordpress\/ -->\n<title>En 2026, Renaud chantera l\u2019amour : un nouvel album et une chanson pour Cerise - Bourse du travail<\/title>\n<meta name=\"robots\" content=\"index, follow, max-snippet:-1, max-image-preview:large, max-video-preview:-1\" \/>\n<link rel=\"canonical\" href=\"https:\/\/www.bourse-du-travail.com\/blog\/2025\/06\/23\/en-2026-renaud-chantera-lamour-un-nouvel-album-et-une-chanson-pour-cerise\/\" \/>\n<meta property=\"og:locale\" content=\"fr_FR\" \/>\n<meta property=\"og:type\" content=\"article\" \/>\n<meta property=\"og:title\" content=\"En 2026, Renaud chantera l\u2019amour : un nouvel album et une chanson pour Cerise - Bourse du travail\" \/>\n<meta property=\"og:description\" content=\"Renaud annonce un nouvel album pour 2026 \u00c0 l\u2019occasion d\u2019une interview accord\u00e9e le 20 juin 2025 \u00e0 RTL, Renaud a annonc\u00e9 qu\u2019il travaille activement sur un nouvel album, pr\u00e9vu pour 2026. Malgr\u00e9 la lenteur du processus, l\u2019artiste de 73 ans assure \u00eatre en bonne voie : \u00ab&nbsp;J\u2019ai trois chansons en cours d\u2019\u00e9criture, il m\u2019en manque &hellip; Continuer la lecture de En 2026, Renaud chantera l\u2019amour : un nouvel album et une chanson pour Cerise\" \/>\n<meta property=\"og:url\" content=\"https:\/\/www.bourse-du-travail.com\/blog\/2025\/06\/23\/en-2026-renaud-chantera-lamour-un-nouvel-album-et-une-chanson-pour-cerise\/\" \/>\n<meta property=\"og:site_name\" content=\"Bourse du travail\" \/>\n<meta property=\"article:publisher\" content=\"https:\/\/www.facebook.com\/boursedutravail\" \/>\n<meta property=\"article:published_time\" content=\"2025-06-23T07:02:20+00:00\" \/>\n<meta property=\"article:modified_time\" content=\"2025-06-23T07:02:21+00:00\" \/>\n<meta property=\"og:image\" content=\"https:\/\/www.bourse-du-travail.com\/blog\/wp-content\/uploads\/2025\/06\/renaud-scaled.jpg\" \/>\n\t<meta property=\"og:image:width\" content=\"2560\" \/>\n\t<meta property=\"og:image:height\" content=\"1200\" \/>\n\t<meta property=\"og:image:type\" content=\"image\/jpeg\" \/>\n<meta name=\"author\" content=\"Bourse du travail\" \/>\n<meta name=\"twitter:card\" content=\"summary_large_image\" \/>\n<meta name=\"twitter:label1\" content=\"\u00c9crit par\" \/>\n\t<meta name=\"twitter:data1\" content=\"Bourse du travail\" \/>\n\t<meta name=\"twitter:label2\" content=\"Dur\u00e9e de lecture estim\u00e9e\" \/>\n\t<meta name=\"twitter:data2\" content=\"3 minutes\" \/>\n<script type=\"application\/ld+json\" class=\"yoast-schema-graph\">{\"@context\":\"https:\\\/\\\/schema.org\",\"@graph\":[{\"@type\":\"Article\",\"@id\":\"https:\\\/\\\/www.bourse-du-travail.com\\\/blog\\\/2025\\\/06\\\/23\\\/en-2026-renaud-chantera-lamour-un-nouvel-album-et-une-chanson-pour-cerise\\\/#article\",\"isPartOf\":{\"@id\":\"https:\\\/\\\/www.bourse-du-travail.com\\\/blog\\\/2025\\\/06\\\/23\\\/en-2026-renaud-chantera-lamour-un-nouvel-album-et-une-chanson-pour-cerise\\\/\"},\"author\":{\"name\":\"Bourse du travail\",\"@id\":\"https:\\\/\\\/www.bourse-du-travail.com\\\/blog\\\/#\\\/schema\\\/person\\\/9926bb41184b7283fb1ed47808692276\"},\"headline\":\"En 2026, Renaud chantera l\u2019amour : un nouvel album et une chanson pour Cerise\",\"datePublished\":\"2025-06-23T07:02:20+00:00\",\"dateModified\":\"2025-06-23T07:02:21+00:00\",\"mainEntityOfPage\":{\"@id\":\"https:\\\/\\\/www.bourse-du-travail.com\\\/blog\\\/2025\\\/06\\\/23\\\/en-2026-renaud-chantera-lamour-un-nouvel-album-et-une-chanson-pour-cerise\\\/\"},\"wordCount\":423,\"commentCount\":0,\"publisher\":{\"@id\":\"https:\\\/\\\/www.bourse-du-travail.com\\\/blog\\\/#organization\"},\"image\":{\"@id\":\"https:\\\/\\\/www.bourse-du-travail.com\\\/blog\\\/2025\\\/06\\\/23\\\/en-2026-renaud-chantera-lamour-un-nouvel-album-et-une-chanson-pour-cerise\\\/#primaryimage\"},\"thumbnailUrl\":\"https:\\\/\\\/www.bourse-du-travail.com\\\/blog\\\/wp-content\\\/uploads\\\/2025\\\/06\\\/renaud-scaled.jpg\",\"articleSection\":[\"Musique\"],\"inLanguage\":\"fr-FR\",\"potentialAction\":[{\"@type\":\"CommentAction\",\"name\":\"Comment\",\"target\":[\"https:\\\/\\\/www.bourse-du-travail.com\\\/blog\\\/2025\\\/06\\\/23\\\/en-2026-renaud-chantera-lamour-un-nouvel-album-et-une-chanson-pour-cerise\\\/#respond\"]}]},{\"@type\":\"WebPage\",\"@id\":\"https:\\\/\\\/www.bourse-du-travail.com\\\/blog\\\/2025\\\/06\\\/23\\\/en-2026-renaud-chantera-lamour-un-nouvel-album-et-une-chanson-pour-cerise\\\/\",\"url\":\"https:\\\/\\\/www.bourse-du-travail.com\\\/blog\\\/2025\\\/06\\\/23\\\/en-2026-renaud-chantera-lamour-un-nouvel-album-et-une-chanson-pour-cerise\\\/\",\"name\":\"En 2026, Renaud chantera l\u2019amour : un nouvel album et une chanson pour Cerise - Bourse du travail\",\"isPartOf\":{\"@id\":\"https:\\\/\\\/www.bourse-du-travail.com\\\/blog\\\/#website\"},\"primaryImageOfPage\":{\"@id\":\"https:\\\/\\\/www.bourse-du-travail.com\\\/blog\\\/2025\\\/06\\\/23\\\/en-2026-renaud-chantera-lamour-un-nouvel-album-et-une-chanson-pour-cerise\\\/#primaryimage\"},\"image\":{\"@id\":\"https:\\\/\\\/www.bourse-du-travail.com\\\/blog\\\/2025\\\/06\\\/23\\\/en-2026-renaud-chantera-lamour-un-nouvel-album-et-une-chanson-pour-cerise\\\/#primaryimage\"},\"thumbnailUrl\":\"https:\\\/\\\/www.bourse-du-travail.com\\\/blog\\\/wp-content\\\/uploads\\\/2025\\\/06\\\/renaud-scaled.jpg\",\"datePublished\":\"2025-06-23T07:02:20+00:00\",\"dateModified\":\"2025-06-23T07:02:21+00:00\",\"breadcrumb\":{\"@id\":\"https:\\\/\\\/www.bourse-du-travail.com\\\/blog\\\/2025\\\/06\\\/23\\\/en-2026-renaud-chantera-lamour-un-nouvel-album-et-une-chanson-pour-cerise\\\/#breadcrumb\"},\"inLanguage\":\"fr-FR\",\"potentialAction\":[{\"@type\":\"ReadAction\",\"target\":[\"https:\\\/\\\/www.bourse-du-travail.com\\\/blog\\\/2025\\\/06\\\/23\\\/en-2026-renaud-chantera-lamour-un-nouvel-album-et-une-chanson-pour-cerise\\\/\"]}]},{\"@type\":\"ImageObject\",\"inLanguage\":\"fr-FR\",\"@id\":\"https:\\\/\\\/www.bourse-du-travail.com\\\/blog\\\/2025\\\/06\\\/23\\\/en-2026-renaud-chantera-lamour-un-nouvel-album-et-une-chanson-pour-cerise\\\/#primaryimage\",\"url\":\"https:\\\/\\\/www.bourse-du-travail.com\\\/blog\\\/wp-content\\\/uploads\\\/2025\\\/06\\\/renaud-scaled.jpg\",\"contentUrl\":\"https:\\\/\\\/www.bourse-du-travail.com\\\/blog\\\/wp-content\\\/uploads\\\/2025\\\/06\\\/renaud-scaled.jpg\",\"width\":2560,\"height\":1200,\"caption\":\"xr:d:DAFzY2yiQkY:10,j:3012194422989273776,t:23121314\"},{\"@type\":\"BreadcrumbList\",\"@id\":\"https:\\\/\\\/www.bourse-du-travail.com\\\/blog\\\/2025\\\/06\\\/23\\\/en-2026-renaud-chantera-lamour-un-nouvel-album-et-une-chanson-pour-cerise\\\/#breadcrumb\",\"itemListElement\":[{\"@type\":\"ListItem\",\"position\":1,\"name\":\"Accueil\",\"item\":\"https:\\\/\\\/www.bourse-du-travail.com\\\/blog\\\/\"},{\"@type\":\"ListItem\",\"position\":2,\"name\":\"En 2026, Renaud chantera l\u2019amour : un nouvel album et une chanson pour Cerise\"}]},{\"@type\":\"WebSite\",\"@id\":\"https:\\\/\\\/www.bourse-du-travail.com\\\/blog\\\/#website\",\"url\":\"https:\\\/\\\/www.bourse-du-travail.com\\\/blog\\\/\",\"name\":\"Bourse du travail\",\"description\":\"Le blog Concerts et Musiques\",\"publisher\":{\"@id\":\"https:\\\/\\\/www.bourse-du-travail.com\\\/blog\\\/#organization\"},\"potentialAction\":[{\"@type\":\"SearchAction\",\"target\":{\"@type\":\"EntryPoint\",\"urlTemplate\":\"https:\\\/\\\/www.bourse-du-travail.com\\\/blog\\\/?s={search_term_string}\"},\"query-input\":{\"@type\":\"PropertyValueSpecification\",\"valueRequired\":true,\"valueName\":\"search_term_string\"}}],\"inLanguage\":\"fr-FR\"},{\"@type\":\"Organization\",\"@id\":\"https:\\\/\\\/www.bourse-du-travail.com\\\/blog\\\/#organization\",\"name\":\"Bourse du travail\",\"url\":\"https:\\\/\\\/www.bourse-du-travail.com\\\/blog\\\/\",\"logo\":{\"@type\":\"ImageObject\",\"inLanguage\":\"fr-FR\",\"@id\":\"https:\\\/\\\/www.bourse-du-travail.com\\\/blog\\\/#\\\/schema\\\/logo\\\/image\\\/\",\"url\":\"https:\\\/\\\/www.bourse-du-travail.com\\\/blog\\\/wp-content\\\/uploads\\\/2017\\\/04\\\/cropped-bourse-du-travail-2.jpg\",\"contentUrl\":\"https:\\\/\\\/www.bourse-du-travail.com\\\/blog\\\/wp-content\\\/uploads\\\/2017\\\/04\\\/cropped-bourse-du-travail-2.jpg\",\"width\":248,\"height\":248,\"caption\":\"Bourse du travail\"},\"image\":{\"@id\":\"https:\\\/\\\/www.bourse-du-travail.com\\\/blog\\\/#\\\/schema\\\/logo\\\/image\\\/\"},\"sameAs\":[\"https:\\\/\\\/www.facebook.com\\\/boursedutravail\"]},{\"@type\":\"Person\",\"@id\":\"https:\\\/\\\/www.bourse-du-travail.com\\\/blog\\\/#\\\/schema\\\/person\\\/9926bb41184b7283fb1ed47808692276\",\"name\":\"Bourse du travail\",\"image\":{\"@type\":\"ImageObject\",\"inLanguage\":\"fr-FR\",\"@id\":\"https:\\\/\\\/secure.gravatar.com\\\/avatar\\\/6aaa2db7c91316f8097aa34158681e8a949b827f2fa1d6a623275606afbb879d?s=96&d=mm&r=g\",\"url\":\"https:\\\/\\\/secure.gravatar.com\\\/avatar\\\/6aaa2db7c91316f8097aa34158681e8a949b827f2fa1d6a623275606afbb879d?s=96&d=mm&r=g\",\"contentUrl\":\"https:\\\/\\\/secure.gravatar.com\\\/avatar\\\/6aaa2db7c91316f8097aa34158681e8a949b827f2fa1d6a623275606afbb879d?s=96&d=mm&r=g\",\"caption\":\"Bourse du travail\"}}]}<\/script>\n<!-- \/ Yoast SEO plugin. -->","yoast_head_json":{"title":"En 2026, Renaud chantera l\u2019amour : un nouvel album et une chanson pour Cerise - Bourse du travail","robots":{"index":"index","follow":"follow","max-snippet":"max-snippet:-1","max-image-preview":"max-image-preview:large","max-video-preview":"max-video-preview:-1"},"canonical":"https:\/\/www.bourse-du-travail.com\/blog\/2025\/06\/23\/en-2026-renaud-chantera-lamour-un-nouvel-album-et-une-chanson-pour-cerise\/","og_locale":"fr_FR","og_type":"article","og_title":"En 2026, Renaud chantera l\u2019amour : un nouvel album et une chanson pour Cerise - Bourse du travail","og_description":"Renaud annonce un nouvel album pour 2026 \u00c0 l\u2019occasion d\u2019une interview accord\u00e9e le 20 juin 2025 \u00e0 RTL, Renaud a annonc\u00e9 qu\u2019il travaille activement sur un nouvel album, pr\u00e9vu pour 2026. Malgr\u00e9 la lenteur du processus, l\u2019artiste de 73 ans assure \u00eatre en bonne voie : \u00ab&nbsp;J\u2019ai trois chansons en cours d\u2019\u00e9criture, il m\u2019en manque &hellip; Continuer la lecture de En 2026, Renaud chantera l\u2019amour : un nouvel album et une chanson pour Cerise","og_url":"https:\/\/www.bourse-du-travail.com\/blog\/2025\/06\/23\/en-2026-renaud-chantera-lamour-un-nouvel-album-et-une-chanson-pour-cerise\/","og_site_name":"Bourse du travail","article_publisher":"https:\/\/www.facebook.com\/boursedutravail","article_published_time":"2025-06-23T07:02:20+00:00","article_modified_time":"2025-06-23T07:02:21+00:00","og_image":[{"width":2560,"height":1200,"url":"https:\/\/www.bourse-du-travail.com\/blog\/wp-content\/uploads\/2025\/06\/renaud-scaled.jpg","type":"image\/jpeg"}],"author":"Bourse du travail","twitter_card":"summary_large_image","twitter_misc":{"\u00c9crit par":"Bourse du travail","Dur\u00e9e de lecture estim\u00e9e":"3 minutes"},"schema":{"@context":"https:\/\/schema.org","@graph":[{"@type":"Article","@id":"https:\/\/www.bourse-du-travail.com\/blog\/2025\/06\/23\/en-2026-renaud-chantera-lamour-un-nouvel-album-et-une-chanson-pour-cerise\/#article","isPartOf":{"@id":"https:\/\/www.bourse-du-travail.com\/blog\/2025\/06\/23\/en-2026-renaud-chantera-lamour-un-nouvel-album-et-une-chanson-pour-cerise\/"},"author":{"name":"Bourse du travail","@id":"https:\/\/www.bourse-du-travail.com\/blog\/#\/schema\/person\/9926bb41184b7283fb1ed47808692276"},"headline":"En 2026, Renaud chantera l\u2019amour : un nouvel album et une chanson pour Cerise","datePublished":"2025-06-23T07:02:20+00:00","dateModified":"2025-06-23T07:02:21+00:00","mainEntityOfPage":{"@id":"https:\/\/www.bourse-du-travail.com\/blog\/2025\/06\/23\/en-2026-renaud-chantera-lamour-un-nouvel-album-et-une-chanson-pour-cerise\/"},"wordCount":423,"commentCount":0,"publisher":{"@id":"https:\/\/www.bourse-du-travail.com\/blog\/#organization"},"image":{"@id":"https:\/\/www.bourse-du-travail.com\/blog\/2025\/06\/23\/en-2026-renaud-chantera-lamour-un-nouvel-album-et-une-chanson-pour-cerise\/#primaryimage"},"thumbnailUrl":"https:\/\/www.bourse-du-travail.com\/blog\/wp-content\/uploads\/2025\/06\/renaud-scaled.jpg","articleSection":["Musique"],"inLanguage":"fr-FR","potentialAction":[{"@type":"CommentAction","name":"Comment","target":["https:\/\/www.bourse-du-travail.com\/blog\/2025\/06\/23\/en-2026-renaud-chantera-lamour-un-nouvel-album-et-une-chanson-pour-cerise\/#respond"]}]},{"@type":"WebPage","@id":"https:\/\/www.bourse-du-travail.com\/blog\/2025\/06\/23\/en-2026-renaud-chantera-lamour-un-nouvel-album-et-une-chanson-pour-cerise\/","url":"https:\/\/www.bourse-du-travail.com\/blog\/2025\/06\/23\/en-2026-renaud-chantera-lamour-un-nouvel-album-et-une-chanson-pour-cerise\/","name":"En 2026, Renaud chantera l\u2019amour : un nouvel album et une chanson pour Cerise - Bourse du travail","isPartOf":{"@id":"https:\/\/www.bourse-du-travail.com\/blog\/#website"},"primaryImageOfPage":{"@id":"https:\/\/www.bourse-du-travail.com\/blog\/2025\/06\/23\/en-2026-renaud-chantera-lamour-un-nouvel-album-et-une-chanson-pour-cerise\/#primaryimage"},"image":{"@id":"https:\/\/www.bourse-du-travail.com\/blog\/2025\/06\/23\/en-2026-renaud-chantera-lamour-un-nouvel-album-et-une-chanson-pour-cerise\/#primaryimage"},"thumbnailUrl":"https:\/\/www.bourse-du-travail.com\/blog\/wp-content\/uploads\/2025\/06\/renaud-scaled.jpg","datePublished":"2025-06-23T07:02:20+00:00","dateModified":"2025-06-23T07:02:21+00:00","breadcrumb":{"@id":"https:\/\/www.bourse-du-travail.com\/blog\/2025\/06\/23\/en-2026-renaud-chantera-lamour-un-nouvel-album-et-une-chanson-pour-cerise\/#breadcrumb"},"inLanguage":"fr-FR","potentialAction":[{"@type":"ReadAction","target":["https:\/\/www.bourse-du-travail.com\/blog\/2025\/06\/23\/en-2026-renaud-chantera-lamour-un-nouvel-album-et-une-chanson-pour-cerise\/"]}]},{"@type":"ImageObject","inLanguage":"fr-FR","@id":"https:\/\/www.bourse-du-travail.com\/blog\/2025\/06\/23\/en-2026-renaud-chantera-lamour-un-nouvel-album-et-une-chanson-pour-cerise\/#primaryimage","url":"https:\/\/www.bourse-du-travail.com\/blog\/wp-content\/uploads\/2025\/06\/renaud-scaled.jpg","contentUrl":"https:\/\/www.bourse-du-travail.com\/blog\/wp-content\/uploads\/2025\/06\/renaud-scaled.jpg","width":2560,"height":1200,"caption":"xr:d:DAFzY2yiQkY:10,j:3012194422989273776,t:23121314"},{"@type":"BreadcrumbList","@id":"https:\/\/www.bourse-du-travail.com\/blog\/2025\/06\/23\/en-2026-renaud-chantera-lamour-un-nouvel-album-et-une-chanson-pour-cerise\/#breadcrumb","itemListElement":[{"@type":"ListItem","position":1,"name":"Accueil","item":"https:\/\/www.bourse-du-travail.com\/blog\/"},{"@type":"ListItem","position":2,"name":"En 2026, Renaud chantera l\u2019amour : un nouvel album et une chanson pour Cerise"}]},{"@type":"WebSite","@id":"https:\/\/www.bourse-du-travail.com\/blog\/#website","url":"https:\/\/www.bourse-du-travail.com\/blog\/","name":"Bourse du travail","description":"Le blog Concerts et Musiques","publisher":{"@id":"https:\/\/www.bourse-du-travail.com\/blog\/#organization"},"potentialAction":[{"@type":"SearchAction","target":{"@type":"EntryPoint","urlTemplate":"https:\/\/www.bourse-du-travail.com\/blog\/?s={search_term_string}"},"query-input":{"@type":"PropertyValueSpecification","valueRequired":true,"valueName":"search_term_string"}}],"inLanguage":"fr-FR"},{"@type":"Organization","@id":"https:\/\/www.bourse-du-travail.com\/blog\/#organization","name":"Bourse du travail","url":"https:\/\/www.bourse-du-travail.com\/blog\/","logo":{"@type":"ImageObject","inLanguage":"fr-FR","@id":"https:\/\/www.bourse-du-travail.com\/blog\/#\/schema\/logo\/image\/","url":"https:\/\/www.bourse-du-travail.com\/blog\/wp-content\/uploads\/2017\/04\/cropped-bourse-du-travail-2.jpg","contentUrl":"https:\/\/www.bourse-du-travail.com\/blog\/wp-content\/uploads\/2017\/04\/cropped-bourse-du-travail-2.jpg","width":248,"height":248,"caption":"Bourse du travail"},"image":{"@id":"https:\/\/www.bourse-du-travail.com\/blog\/#\/schema\/logo\/image\/"},"sameAs":["https:\/\/www.facebook.com\/boursedutravail"]},{"@type":"Person","@id":"https:\/\/www.bourse-du-travail.com\/blog\/#\/schema\/person\/9926bb41184b7283fb1ed47808692276","name":"Bourse du travail","image":{"@type":"ImageObject","inLanguage":"fr-FR","@id":"https:\/\/secure.gravatar.com\/avatar\/6aaa2db7c91316f8097aa34158681e8a949b827f2fa1d6a623275606afbb879d?s=96&d=mm&r=g","url":"https:\/\/secure.gravatar.com\/avatar\/6aaa2db7c91316f8097aa34158681e8a949b827f2fa1d6a623275606afbb879d?s=96&d=mm&r=g","contentUrl":"https:\/\/secure.gravatar.com\/avatar\/6aaa2db7c91316f8097aa34158681e8a949b827f2fa1d6a623275606afbb879d?s=96&d=mm&r=g","caption":"Bourse du travail"}}]}},"_links":{"self":[{"href":"https:\/\/www.bourse-du-travail.com\/blog\/wp-json\/wp\/v2\/posts\/203","targetHints":{"allow":["GET"]}}],"collection":[{"href":"https:\/\/www.bourse-du-travail.com\/blog\/wp-json\/wp\/v2\/posts"}],"about":[{"href":"https:\/\/www.bourse-du-travail.com\/blog\/wp-json\/wp\/v2\/types\/post"}],"author":[{"embeddable":true,"href":"https:\/\/www.bourse-du-travail.com\/blog\/wp-json\/wp\/v2\/users\/1"}],"replies":[{"embeddable":true,"href":"https:\/\/www.bourse-du-travail.com\/blog\/wp-json\/wp\/v2\/comments?post=203"}],"version-history":[{"count":1,"href":"https:\/\/www.bourse-du-travail.com\/blog\/wp-json\/wp\/v2\/posts\/203\/revisions"}],"predecessor-version":[{"id":205,"href":"https:\/\/www.bourse-du-travail.com\/blog\/wp-json\/wp\/v2\/posts\/203\/revisions\/205"}],"wp:featuredmedia":[{"embeddable":true,"href":"https:\/\/www.bourse-du-travail.com\/blog\/wp-json\/wp\/v2\/media\/204"}],"wp:attachment":[{"href":"https:\/\/www.bourse-du-travail.com\/blog\/wp-json\/wp\/v2\/media?parent=203"}],"wp:term":[{"taxonomy":"category","embeddable":true,"href":"https:\/\/www.bourse-du-travail.com\/blog\/wp-json\/wp\/v2\/categories?post=203"},{"taxonomy":"post_tag","embeddable":true,"href":"https:\/\/www.bourse-du-travail.com\/blog\/wp-json\/wp\/v2\/tags?post=203"}],"curies":[{"name":"wp","href":"https:\/\/api.w.org\/{rel}","templated":true}]}}