{"id":196,"date":"2025-06-20T09:37:16","date_gmt":"2025-06-20T07:37:16","guid":{"rendered":"https:\/\/www.bourse-du-travail.com\/blog\/?p=196"},"modified":"2025-06-20T09:37:16","modified_gmt":"2025-06-20T07:37:16","slug":"un-hommage-electro-vibrant-a-daniel-balavoine-pour-la-fete-de-la-musique-2025","status":"publish","type":"post","link":"https:\/\/www.bourse-du-travail.com\/blog\/2025\/06\/20\/un-hommage-electro-vibrant-a-daniel-balavoine-pour-la-fete-de-la-musique-2025\/","title":{"rendered":"Un hommage \u00e9lectro vibrant \u00e0 Daniel Balavoine pour la F\u00eate de la Musique 2025"},"content":{"rendered":"\n<h2 class=\"wp-block-heading\">Un hommage \u00e9lectro in\u00e9dit pour la F\u00eate de la Musique<\/h2>\n\n\n\n<p>Le 21 juin 2025, un grand concert gratuit sera organis\u00e9 dans les Jardins du Louvre \u00e0 Paris, avec pour moment fort une version \u00e9lectro du c\u00e9l\u00e8bre titre \u00ab Sauver l\u2019amour \u00bb de Daniel Balavoine. Ce remix moderne, sign\u00e9 par le musicien et producteur Victor Le Masne, rendra hommage \u00e0 l\u2019un des artistes les plus embl\u00e9matiques de la chanson fran\u00e7aise, pr\u00e8s de 40 ans apr\u00e8s sa disparition.<\/p>\n\n\n\n<h2 class=\"wp-block-heading\">Un rendez-vous charg\u00e9 d\u2019\u00e9motion<\/h2>\n\n\n\n<p>L\u2019\u00e9v\u00e9nement s\u2019inscrit dans le cadre des comm\u00e9morations autour de Balavoine, d\u00e9c\u00e9d\u00e9 en 1986. Pour beaucoup, il reste une figure incontournable, \u00e0 la fois pour ses chansons engag\u00e9es et sa voix singuli\u00e8re. Le choix de r\u00e9interpr\u00e9ter \u00ab Sauver l\u2019amour \u00bb avec les bandes originales d\u2019\u00e9poque donne une nouvelle dimension au morceau, m\u00ealant fid\u00e9lit\u00e9 au pass\u00e9 et audace sonore contemporaine.<\/p>\n\n\n\n<h2 class=\"wp-block-heading\">Un spectacle au c\u0153ur de la Paris Music Week<\/h2>\n\n\n\n<p>Ce concert exceptionnel s\u2019ins\u00e8re dans la programmation de la Paris Music Week. Aux c\u00f4t\u00e9s de cet hommage, d\u2019autres artistes phares comme Bernard Lavilliers, Christine and the Queens, Yodelice ou encore Lous and the Yakuza se produiront. Le tout se d\u00e9roulera dans un d\u00e9cor prestigieux, avec l\u2019\u00e9l\u00e9vation de la vasque olympique en point d\u2019orgue de la soir\u00e9e, orchestr\u00e9e par Thierry Reboul, connu pour sa direction artistique lors des JO de Paris 2024.<\/p>\n\n\n\n<h2 class=\"wp-block-heading\">Un projet qui s\u2019inscrit dans la dur\u00e9e<\/h2>\n\n\n\n<p>Cette initiative est \u00e9galement le pr\u00e9lude \u00e0 un spectacle musical intitul\u00e9 \u00ab Balavoine, ma bataille \u00bb, qui sera lanc\u00e9 en janvier 2026 au D\u00f4me de Paris avant de partir en tourn\u00e9e dans toute la France. Port\u00e9 par Aur\u00e9lien Vivos, gagnant de The Voice, ce show vise \u00e0 faire red\u00e9couvrir le r\u00e9pertoire de Balavoine \u00e0 une nouvelle g\u00e9n\u00e9ration tout en honorant sa m\u00e9moire.<\/p>\n\n\n\n<h2 class=\"wp-block-heading\">Transmission, \u00e9motion et modernit\u00e9<\/h2>\n\n\n\n<p>L\u2019hommage \u00e0 Daniel Balavoine ne se limite pas \u00e0 une simple reprise. Il symbolise une volont\u00e9 de transmission interg\u00e9n\u00e9rationnelle. En choisissant une r\u00e9orchestration \u00e9lectro, les organisateurs cherchent \u00e0 faire vibrer la jeunesse tout en respectant l\u2019essence du message original. Un moment fort de la F\u00eate de la Musique 2025, plac\u00e9 sous le signe de l\u2019\u00e9motion et de l\u2019innovation musicale.<\/p>\n","protected":false},"excerpt":{"rendered":"<p>Un hommage \u00e9lectro in\u00e9dit pour la F\u00eate de la Musique Le 21 juin 2025, un grand concert gratuit sera organis\u00e9 dans les Jardins du Louvre \u00e0 Paris, avec pour moment fort une version \u00e9lectro du c\u00e9l\u00e8bre titre \u00ab Sauver l\u2019amour \u00bb de Daniel Balavoine. Ce remix moderne, sign\u00e9 par le musicien et producteur Victor Le &hellip; <a href=\"https:\/\/www.bourse-du-travail.com\/blog\/2025\/06\/20\/un-hommage-electro-vibrant-a-daniel-balavoine-pour-la-fete-de-la-musique-2025\/\" class=\"more-link\">Continuer la lecture de <span class=\"screen-reader-text\">Un hommage \u00e9lectro vibrant \u00e0 Daniel Balavoine pour la F\u00eate de la Musique 2025<\/span><\/a><\/p>\n","protected":false},"author":1,"featured_media":197,"comment_status":"open","ping_status":"open","sticky":false,"template":"","format":"standard","meta":{"footnotes":""},"categories":[7],"tags":[],"class_list":["post-196","post","type-post","status-publish","format-standard","has-post-thumbnail","hentry","category-musique"],"yoast_head":"<!-- This site is optimized with the Yoast SEO plugin v27.5 - https:\/\/yoast.com\/product\/yoast-seo-wordpress\/ -->\n<title>Un hommage \u00e9lectro vibrant \u00e0 Daniel Balavoine pour la F\u00eate de la Musique 2025 - Bourse du travail<\/title>\n<meta name=\"robots\" content=\"index, follow, max-snippet:-1, max-image-preview:large, max-video-preview:-1\" \/>\n<link rel=\"canonical\" href=\"https:\/\/www.bourse-du-travail.com\/blog\/2025\/06\/20\/un-hommage-electro-vibrant-a-daniel-balavoine-pour-la-fete-de-la-musique-2025\/\" \/>\n<meta property=\"og:locale\" content=\"fr_FR\" \/>\n<meta property=\"og:type\" content=\"article\" \/>\n<meta property=\"og:title\" content=\"Un hommage \u00e9lectro vibrant \u00e0 Daniel Balavoine pour la F\u00eate de la Musique 2025 - Bourse du travail\" \/>\n<meta property=\"og:description\" content=\"Un hommage \u00e9lectro in\u00e9dit pour la F\u00eate de la Musique Le 21 juin 2025, un grand concert gratuit sera organis\u00e9 dans les Jardins du Louvre \u00e0 Paris, avec pour moment fort une version \u00e9lectro du c\u00e9l\u00e8bre titre \u00ab Sauver l\u2019amour \u00bb de Daniel Balavoine. Ce remix moderne, sign\u00e9 par le musicien et producteur Victor Le &hellip; Continuer la lecture de Un hommage \u00e9lectro vibrant \u00e0 Daniel Balavoine pour la F\u00eate de la Musique 2025\" \/>\n<meta property=\"og:url\" content=\"https:\/\/www.bourse-du-travail.com\/blog\/2025\/06\/20\/un-hommage-electro-vibrant-a-daniel-balavoine-pour-la-fete-de-la-musique-2025\/\" \/>\n<meta property=\"og:site_name\" content=\"Bourse du travail\" \/>\n<meta property=\"article:publisher\" content=\"https:\/\/www.facebook.com\/boursedutravail\" \/>\n<meta property=\"article:published_time\" content=\"2025-06-20T07:37:16+00:00\" \/>\n<meta property=\"og:image\" content=\"https:\/\/www.bourse-du-travail.com\/blog\/wp-content\/uploads\/2025\/06\/balavoine.jpg\" \/>\n\t<meta property=\"og:image:width\" content=\"1500\" \/>\n\t<meta property=\"og:image:height\" content=\"1000\" \/>\n\t<meta property=\"og:image:type\" content=\"image\/jpeg\" \/>\n<meta name=\"author\" content=\"Bourse du travail\" \/>\n<meta name=\"twitter:card\" content=\"summary_large_image\" \/>\n<meta name=\"twitter:label1\" content=\"\u00c9crit par\" \/>\n\t<meta name=\"twitter:data1\" content=\"Bourse du travail\" \/>\n\t<meta name=\"twitter:label2\" content=\"Dur\u00e9e de lecture estim\u00e9e\" \/>\n\t<meta name=\"twitter:data2\" content=\"2 minutes\" \/>\n<script type=\"application\/ld+json\" class=\"yoast-schema-graph\">{\"@context\":\"https:\\\/\\\/schema.org\",\"@graph\":[{\"@type\":\"Article\",\"@id\":\"https:\\\/\\\/www.bourse-du-travail.com\\\/blog\\\/2025\\\/06\\\/20\\\/un-hommage-electro-vibrant-a-daniel-balavoine-pour-la-fete-de-la-musique-2025\\\/#article\",\"isPartOf\":{\"@id\":\"https:\\\/\\\/www.bourse-du-travail.com\\\/blog\\\/2025\\\/06\\\/20\\\/un-hommage-electro-vibrant-a-daniel-balavoine-pour-la-fete-de-la-musique-2025\\\/\"},\"author\":{\"name\":\"Bourse du travail\",\"@id\":\"https:\\\/\\\/www.bourse-du-travail.com\\\/blog\\\/#\\\/schema\\\/person\\\/9926bb41184b7283fb1ed47808692276\"},\"headline\":\"Un hommage \u00e9lectro vibrant \u00e0 Daniel Balavoine pour la F\u00eate de la Musique 2025\",\"datePublished\":\"2025-06-20T07:37:16+00:00\",\"mainEntityOfPage\":{\"@id\":\"https:\\\/\\\/www.bourse-du-travail.com\\\/blog\\\/2025\\\/06\\\/20\\\/un-hommage-electro-vibrant-a-daniel-balavoine-pour-la-fete-de-la-musique-2025\\\/\"},\"wordCount\":398,\"commentCount\":0,\"publisher\":{\"@id\":\"https:\\\/\\\/www.bourse-du-travail.com\\\/blog\\\/#organization\"},\"image\":{\"@id\":\"https:\\\/\\\/www.bourse-du-travail.com\\\/blog\\\/2025\\\/06\\\/20\\\/un-hommage-electro-vibrant-a-daniel-balavoine-pour-la-fete-de-la-musique-2025\\\/#primaryimage\"},\"thumbnailUrl\":\"https:\\\/\\\/www.bourse-du-travail.com\\\/blog\\\/wp-content\\\/uploads\\\/2025\\\/06\\\/balavoine.jpg\",\"articleSection\":[\"Musique\"],\"inLanguage\":\"fr-FR\",\"potentialAction\":[{\"@type\":\"CommentAction\",\"name\":\"Comment\",\"target\":[\"https:\\\/\\\/www.bourse-du-travail.com\\\/blog\\\/2025\\\/06\\\/20\\\/un-hommage-electro-vibrant-a-daniel-balavoine-pour-la-fete-de-la-musique-2025\\\/#respond\"]}]},{\"@type\":\"WebPage\",\"@id\":\"https:\\\/\\\/www.bourse-du-travail.com\\\/blog\\\/2025\\\/06\\\/20\\\/un-hommage-electro-vibrant-a-daniel-balavoine-pour-la-fete-de-la-musique-2025\\\/\",\"url\":\"https:\\\/\\\/www.bourse-du-travail.com\\\/blog\\\/2025\\\/06\\\/20\\\/un-hommage-electro-vibrant-a-daniel-balavoine-pour-la-fete-de-la-musique-2025\\\/\",\"name\":\"Un hommage \u00e9lectro vibrant \u00e0 Daniel Balavoine pour la F\u00eate de la Musique 2025 - Bourse du travail\",\"isPartOf\":{\"@id\":\"https:\\\/\\\/www.bourse-du-travail.com\\\/blog\\\/#website\"},\"primaryImageOfPage\":{\"@id\":\"https:\\\/\\\/www.bourse-du-travail.com\\\/blog\\\/2025\\\/06\\\/20\\\/un-hommage-electro-vibrant-a-daniel-balavoine-pour-la-fete-de-la-musique-2025\\\/#primaryimage\"},\"image\":{\"@id\":\"https:\\\/\\\/www.bourse-du-travail.com\\\/blog\\\/2025\\\/06\\\/20\\\/un-hommage-electro-vibrant-a-daniel-balavoine-pour-la-fete-de-la-musique-2025\\\/#primaryimage\"},\"thumbnailUrl\":\"https:\\\/\\\/www.bourse-du-travail.com\\\/blog\\\/wp-content\\\/uploads\\\/2025\\\/06\\\/balavoine.jpg\",\"datePublished\":\"2025-06-20T07:37:16+00:00\",\"breadcrumb\":{\"@id\":\"https:\\\/\\\/www.bourse-du-travail.com\\\/blog\\\/2025\\\/06\\\/20\\\/un-hommage-electro-vibrant-a-daniel-balavoine-pour-la-fete-de-la-musique-2025\\\/#breadcrumb\"},\"inLanguage\":\"fr-FR\",\"potentialAction\":[{\"@type\":\"ReadAction\",\"target\":[\"https:\\\/\\\/www.bourse-du-travail.com\\\/blog\\\/2025\\\/06\\\/20\\\/un-hommage-electro-vibrant-a-daniel-balavoine-pour-la-fete-de-la-musique-2025\\\/\"]}]},{\"@type\":\"ImageObject\",\"inLanguage\":\"fr-FR\",\"@id\":\"https:\\\/\\\/www.bourse-du-travail.com\\\/blog\\\/2025\\\/06\\\/20\\\/un-hommage-electro-vibrant-a-daniel-balavoine-pour-la-fete-de-la-musique-2025\\\/#primaryimage\",\"url\":\"https:\\\/\\\/www.bourse-du-travail.com\\\/blog\\\/wp-content\\\/uploads\\\/2025\\\/06\\\/balavoine.jpg\",\"contentUrl\":\"https:\\\/\\\/www.bourse-du-travail.com\\\/blog\\\/wp-content\\\/uploads\\\/2025\\\/06\\\/balavoine.jpg\",\"width\":1500,\"height\":1000},{\"@type\":\"BreadcrumbList\",\"@id\":\"https:\\\/\\\/www.bourse-du-travail.com\\\/blog\\\/2025\\\/06\\\/20\\\/un-hommage-electro-vibrant-a-daniel-balavoine-pour-la-fete-de-la-musique-2025\\\/#breadcrumb\",\"itemListElement\":[{\"@type\":\"ListItem\",\"position\":1,\"name\":\"Accueil\",\"item\":\"https:\\\/\\\/www.bourse-du-travail.com\\\/blog\\\/\"},{\"@type\":\"ListItem\",\"position\":2,\"name\":\"Un hommage \u00e9lectro vibrant \u00e0 Daniel Balavoine pour la F\u00eate de la Musique 2025\"}]},{\"@type\":\"WebSite\",\"@id\":\"https:\\\/\\\/www.bourse-du-travail.com\\\/blog\\\/#website\",\"url\":\"https:\\\/\\\/www.bourse-du-travail.com\\\/blog\\\/\",\"name\":\"Bourse du travail\",\"description\":\"Le blog Concerts et Musiques\",\"publisher\":{\"@id\":\"https:\\\/\\\/www.bourse-du-travail.com\\\/blog\\\/#organization\"},\"potentialAction\":[{\"@type\":\"SearchAction\",\"target\":{\"@type\":\"EntryPoint\",\"urlTemplate\":\"https:\\\/\\\/www.bourse-du-travail.com\\\/blog\\\/?s={search_term_string}\"},\"query-input\":{\"@type\":\"PropertyValueSpecification\",\"valueRequired\":true,\"valueName\":\"search_term_string\"}}],\"inLanguage\":\"fr-FR\"},{\"@type\":\"Organization\",\"@id\":\"https:\\\/\\\/www.bourse-du-travail.com\\\/blog\\\/#organization\",\"name\":\"Bourse du travail\",\"url\":\"https:\\\/\\\/www.bourse-du-travail.com\\\/blog\\\/\",\"logo\":{\"@type\":\"ImageObject\",\"inLanguage\":\"fr-FR\",\"@id\":\"https:\\\/\\\/www.bourse-du-travail.com\\\/blog\\\/#\\\/schema\\\/logo\\\/image\\\/\",\"url\":\"https:\\\/\\\/www.bourse-du-travail.com\\\/blog\\\/wp-content\\\/uploads\\\/2017\\\/04\\\/cropped-bourse-du-travail-2.jpg\",\"contentUrl\":\"https:\\\/\\\/www.bourse-du-travail.com\\\/blog\\\/wp-content\\\/uploads\\\/2017\\\/04\\\/cropped-bourse-du-travail-2.jpg\",\"width\":248,\"height\":248,\"caption\":\"Bourse du travail\"},\"image\":{\"@id\":\"https:\\\/\\\/www.bourse-du-travail.com\\\/blog\\\/#\\\/schema\\\/logo\\\/image\\\/\"},\"sameAs\":[\"https:\\\/\\\/www.facebook.com\\\/boursedutravail\"]},{\"@type\":\"Person\",\"@id\":\"https:\\\/\\\/www.bourse-du-travail.com\\\/blog\\\/#\\\/schema\\\/person\\\/9926bb41184b7283fb1ed47808692276\",\"name\":\"Bourse du travail\",\"image\":{\"@type\":\"ImageObject\",\"inLanguage\":\"fr-FR\",\"@id\":\"https:\\\/\\\/secure.gravatar.com\\\/avatar\\\/6aaa2db7c91316f8097aa34158681e8a949b827f2fa1d6a623275606afbb879d?s=96&d=mm&r=g\",\"url\":\"https:\\\/\\\/secure.gravatar.com\\\/avatar\\\/6aaa2db7c91316f8097aa34158681e8a949b827f2fa1d6a623275606afbb879d?s=96&d=mm&r=g\",\"contentUrl\":\"https:\\\/\\\/secure.gravatar.com\\\/avatar\\\/6aaa2db7c91316f8097aa34158681e8a949b827f2fa1d6a623275606afbb879d?s=96&d=mm&r=g\",\"caption\":\"Bourse du travail\"}}]}<\/script>\n<!-- \/ Yoast SEO plugin. -->","yoast_head_json":{"title":"Un hommage \u00e9lectro vibrant \u00e0 Daniel Balavoine pour la F\u00eate de la Musique 2025 - Bourse du travail","robots":{"index":"index","follow":"follow","max-snippet":"max-snippet:-1","max-image-preview":"max-image-preview:large","max-video-preview":"max-video-preview:-1"},"canonical":"https:\/\/www.bourse-du-travail.com\/blog\/2025\/06\/20\/un-hommage-electro-vibrant-a-daniel-balavoine-pour-la-fete-de-la-musique-2025\/","og_locale":"fr_FR","og_type":"article","og_title":"Un hommage \u00e9lectro vibrant \u00e0 Daniel Balavoine pour la F\u00eate de la Musique 2025 - Bourse du travail","og_description":"Un hommage \u00e9lectro in\u00e9dit pour la F\u00eate de la Musique Le 21 juin 2025, un grand concert gratuit sera organis\u00e9 dans les Jardins du Louvre \u00e0 Paris, avec pour moment fort une version \u00e9lectro du c\u00e9l\u00e8bre titre \u00ab Sauver l\u2019amour \u00bb de Daniel Balavoine. Ce remix moderne, sign\u00e9 par le musicien et producteur Victor Le &hellip; Continuer la lecture de Un hommage \u00e9lectro vibrant \u00e0 Daniel Balavoine pour la F\u00eate de la Musique 2025","og_url":"https:\/\/www.bourse-du-travail.com\/blog\/2025\/06\/20\/un-hommage-electro-vibrant-a-daniel-balavoine-pour-la-fete-de-la-musique-2025\/","og_site_name":"Bourse du travail","article_publisher":"https:\/\/www.facebook.com\/boursedutravail","article_published_time":"2025-06-20T07:37:16+00:00","og_image":[{"width":1500,"height":1000,"url":"https:\/\/www.bourse-du-travail.com\/blog\/wp-content\/uploads\/2025\/06\/balavoine.jpg","type":"image\/jpeg"}],"author":"Bourse du travail","twitter_card":"summary_large_image","twitter_misc":{"\u00c9crit par":"Bourse du travail","Dur\u00e9e de lecture estim\u00e9e":"2 minutes"},"schema":{"@context":"https:\/\/schema.org","@graph":[{"@type":"Article","@id":"https:\/\/www.bourse-du-travail.com\/blog\/2025\/06\/20\/un-hommage-electro-vibrant-a-daniel-balavoine-pour-la-fete-de-la-musique-2025\/#article","isPartOf":{"@id":"https:\/\/www.bourse-du-travail.com\/blog\/2025\/06\/20\/un-hommage-electro-vibrant-a-daniel-balavoine-pour-la-fete-de-la-musique-2025\/"},"author":{"name":"Bourse du travail","@id":"https:\/\/www.bourse-du-travail.com\/blog\/#\/schema\/person\/9926bb41184b7283fb1ed47808692276"},"headline":"Un hommage \u00e9lectro vibrant \u00e0 Daniel Balavoine pour la F\u00eate de la Musique 2025","datePublished":"2025-06-20T07:37:16+00:00","mainEntityOfPage":{"@id":"https:\/\/www.bourse-du-travail.com\/blog\/2025\/06\/20\/un-hommage-electro-vibrant-a-daniel-balavoine-pour-la-fete-de-la-musique-2025\/"},"wordCount":398,"commentCount":0,"publisher":{"@id":"https:\/\/www.bourse-du-travail.com\/blog\/#organization"},"image":{"@id":"https:\/\/www.bourse-du-travail.com\/blog\/2025\/06\/20\/un-hommage-electro-vibrant-a-daniel-balavoine-pour-la-fete-de-la-musique-2025\/#primaryimage"},"thumbnailUrl":"https:\/\/www.bourse-du-travail.com\/blog\/wp-content\/uploads\/2025\/06\/balavoine.jpg","articleSection":["Musique"],"inLanguage":"fr-FR","potentialAction":[{"@type":"CommentAction","name":"Comment","target":["https:\/\/www.bourse-du-travail.com\/blog\/2025\/06\/20\/un-hommage-electro-vibrant-a-daniel-balavoine-pour-la-fete-de-la-musique-2025\/#respond"]}]},{"@type":"WebPage","@id":"https:\/\/www.bourse-du-travail.com\/blog\/2025\/06\/20\/un-hommage-electro-vibrant-a-daniel-balavoine-pour-la-fete-de-la-musique-2025\/","url":"https:\/\/www.bourse-du-travail.com\/blog\/2025\/06\/20\/un-hommage-electro-vibrant-a-daniel-balavoine-pour-la-fete-de-la-musique-2025\/","name":"Un hommage \u00e9lectro vibrant \u00e0 Daniel Balavoine pour la F\u00eate de la Musique 2025 - Bourse du travail","isPartOf":{"@id":"https:\/\/www.bourse-du-travail.com\/blog\/#website"},"primaryImageOfPage":{"@id":"https:\/\/www.bourse-du-travail.com\/blog\/2025\/06\/20\/un-hommage-electro-vibrant-a-daniel-balavoine-pour-la-fete-de-la-musique-2025\/#primaryimage"},"image":{"@id":"https:\/\/www.bourse-du-travail.com\/blog\/2025\/06\/20\/un-hommage-electro-vibrant-a-daniel-balavoine-pour-la-fete-de-la-musique-2025\/#primaryimage"},"thumbnailUrl":"https:\/\/www.bourse-du-travail.com\/blog\/wp-content\/uploads\/2025\/06\/balavoine.jpg","datePublished":"2025-06-20T07:37:16+00:00","breadcrumb":{"@id":"https:\/\/www.bourse-du-travail.com\/blog\/2025\/06\/20\/un-hommage-electro-vibrant-a-daniel-balavoine-pour-la-fete-de-la-musique-2025\/#breadcrumb"},"inLanguage":"fr-FR","potentialAction":[{"@type":"ReadAction","target":["https:\/\/www.bourse-du-travail.com\/blog\/2025\/06\/20\/un-hommage-electro-vibrant-a-daniel-balavoine-pour-la-fete-de-la-musique-2025\/"]}]},{"@type":"ImageObject","inLanguage":"fr-FR","@id":"https:\/\/www.bourse-du-travail.com\/blog\/2025\/06\/20\/un-hommage-electro-vibrant-a-daniel-balavoine-pour-la-fete-de-la-musique-2025\/#primaryimage","url":"https:\/\/www.bourse-du-travail.com\/blog\/wp-content\/uploads\/2025\/06\/balavoine.jpg","contentUrl":"https:\/\/www.bourse-du-travail.com\/blog\/wp-content\/uploads\/2025\/06\/balavoine.jpg","width":1500,"height":1000},{"@type":"BreadcrumbList","@id":"https:\/\/www.bourse-du-travail.com\/blog\/2025\/06\/20\/un-hommage-electro-vibrant-a-daniel-balavoine-pour-la-fete-de-la-musique-2025\/#breadcrumb","itemListElement":[{"@type":"ListItem","position":1,"name":"Accueil","item":"https:\/\/www.bourse-du-travail.com\/blog\/"},{"@type":"ListItem","position":2,"name":"Un hommage \u00e9lectro vibrant \u00e0 Daniel Balavoine pour la F\u00eate de la Musique 2025"}]},{"@type":"WebSite","@id":"https:\/\/www.bourse-du-travail.com\/blog\/#website","url":"https:\/\/www.bourse-du-travail.com\/blog\/","name":"Bourse du travail","description":"Le blog Concerts et Musiques","publisher":{"@id":"https:\/\/www.bourse-du-travail.com\/blog\/#organization"},"potentialAction":[{"@type":"SearchAction","target":{"@type":"EntryPoint","urlTemplate":"https:\/\/www.bourse-du-travail.com\/blog\/?s={search_term_string}"},"query-input":{"@type":"PropertyValueSpecification","valueRequired":true,"valueName":"search_term_string"}}],"inLanguage":"fr-FR"},{"@type":"Organization","@id":"https:\/\/www.bourse-du-travail.com\/blog\/#organization","name":"Bourse du travail","url":"https:\/\/www.bourse-du-travail.com\/blog\/","logo":{"@type":"ImageObject","inLanguage":"fr-FR","@id":"https:\/\/www.bourse-du-travail.com\/blog\/#\/schema\/logo\/image\/","url":"https:\/\/www.bourse-du-travail.com\/blog\/wp-content\/uploads\/2017\/04\/cropped-bourse-du-travail-2.jpg","contentUrl":"https:\/\/www.bourse-du-travail.com\/blog\/wp-content\/uploads\/2017\/04\/cropped-bourse-du-travail-2.jpg","width":248,"height":248,"caption":"Bourse du travail"},"image":{"@id":"https:\/\/www.bourse-du-travail.com\/blog\/#\/schema\/logo\/image\/"},"sameAs":["https:\/\/www.facebook.com\/boursedutravail"]},{"@type":"Person","@id":"https:\/\/www.bourse-du-travail.com\/blog\/#\/schema\/person\/9926bb41184b7283fb1ed47808692276","name":"Bourse du travail","image":{"@type":"ImageObject","inLanguage":"fr-FR","@id":"https:\/\/secure.gravatar.com\/avatar\/6aaa2db7c91316f8097aa34158681e8a949b827f2fa1d6a623275606afbb879d?s=96&d=mm&r=g","url":"https:\/\/secure.gravatar.com\/avatar\/6aaa2db7c91316f8097aa34158681e8a949b827f2fa1d6a623275606afbb879d?s=96&d=mm&r=g","contentUrl":"https:\/\/secure.gravatar.com\/avatar\/6aaa2db7c91316f8097aa34158681e8a949b827f2fa1d6a623275606afbb879d?s=96&d=mm&r=g","caption":"Bourse du travail"}}]}},"_links":{"self":[{"href":"https:\/\/www.bourse-du-travail.com\/blog\/wp-json\/wp\/v2\/posts\/196","targetHints":{"allow":["GET"]}}],"collection":[{"href":"https:\/\/www.bourse-du-travail.com\/blog\/wp-json\/wp\/v2\/posts"}],"about":[{"href":"https:\/\/www.bourse-du-travail.com\/blog\/wp-json\/wp\/v2\/types\/post"}],"author":[{"embeddable":true,"href":"https:\/\/www.bourse-du-travail.com\/blog\/wp-json\/wp\/v2\/users\/1"}],"replies":[{"embeddable":true,"href":"https:\/\/www.bourse-du-travail.com\/blog\/wp-json\/wp\/v2\/comments?post=196"}],"version-history":[{"count":1,"href":"https:\/\/www.bourse-du-travail.com\/blog\/wp-json\/wp\/v2\/posts\/196\/revisions"}],"predecessor-version":[{"id":198,"href":"https:\/\/www.bourse-du-travail.com\/blog\/wp-json\/wp\/v2\/posts\/196\/revisions\/198"}],"wp:featuredmedia":[{"embeddable":true,"href":"https:\/\/www.bourse-du-travail.com\/blog\/wp-json\/wp\/v2\/media\/197"}],"wp:attachment":[{"href":"https:\/\/www.bourse-du-travail.com\/blog\/wp-json\/wp\/v2\/media?parent=196"}],"wp:term":[{"taxonomy":"category","embeddable":true,"href":"https:\/\/www.bourse-du-travail.com\/blog\/wp-json\/wp\/v2\/categories?post=196"},{"taxonomy":"post_tag","embeddable":true,"href":"https:\/\/www.bourse-du-travail.com\/blog\/wp-json\/wp\/v2\/tags?post=196"}],"curies":[{"name":"wp","href":"https:\/\/api.w.org\/{rel}","templated":true}]}}