{"id":193,"date":"2025-06-19T09:25:57","date_gmt":"2025-06-19T07:25:57","guid":{"rendered":"https:\/\/www.bourse-du-travail.com\/blog\/?p=193"},"modified":"2025-06-19T09:25:58","modified_gmt":"2025-06-19T07:25:58","slug":"les-fils-heritiers-des-beatles-sunissent-pour-le-titre-inedit-rip-off","status":"publish","type":"post","link":"https:\/\/www.bourse-du-travail.com\/blog\/2025\/06\/19\/les-fils-heritiers-des-beatles-sunissent-pour-le-titre-inedit-rip-off\/","title":{"rendered":"Les fils h\u00e9ritiers des Beatles s\u2019unissent pour le titre in\u00e9dit \u00ab\u202fRip Off\u202f\u00bb"},"content":{"rendered":"\n<h2 class=\"wp-block-heading\">Une premi\u00e8re collaboration historique<\/h2>\n\n\n\n<p>Pour la toute premi\u00e8re fois, trois fils des membres des Beatles s\u2019unissent sur un m\u00eame morceau. Zak Starkey (fils de Ringo Starr), Sean Ono Lennon (fils de John Lennon) et James McCartney (fils de Paul McCartney) ont d\u00e9voil\u00e9 un extrait de \u00ab\u202fRip Off\u202f\u00bb, leur titre commun au sein du supergroupe Mantra of the Cosmos. Partag\u00e9 sur Instagram le 15 juin 2025, ce projet marque une \u00e9tape symbolique dans l\u2019h\u00e9ritage musical de la l\u00e9gende britannique.<\/p>\n\n\n\n<h2 class=\"wp-block-heading\">Mantra of the Cosmos : le contexte musical<\/h2>\n\n\n\n<p>Mantra of the Cosmos, le groupe de Zak Starkey, r\u00e9unit des figures embl\u00e9matiques de la sc\u00e8ne britannique (Andy Bell d\u2019Oasis, Shaun Ryder de Happy Mondays). Dans cette nouvelle formation, Sean et James apportent leurs voix, donnant au morceau \u00ab\u202fRip Off\u202f\u00bb des allures rock m\u00ealant hommage subtil aux Beatles et cr\u00e9ativit\u00e9 contemporaine.<\/p>\n\n\n\n<h2 class=\"wp-block-heading\">Filiation et singularit\u00e9 artistique<\/h2>\n\n\n\n<p>Si l\u2019ombre des Beatles plane in\u00e9vitablement, Zak se presse de clarifier : \u00ab\u202fCe n\u2019est pas un mini\u2011Beatles, c\u2019est Mantra of the Cosmos avec eux dedans \u00bb. Loin d\u2019un revival, il s\u2019agit plut\u00f4t d\u2019un hommage personnel accompagn\u00e9 d\u2019ambitions distinctes, permettant aux trois musiciens de s\u2019affirmer individuellement, avec leurs h\u00e9ritages mais aussi leurs propres trajectoires artistiques.<\/p>\n\n\n\n<h2 class=\"wp-block-heading\">Succ\u00e8s continu en solo et en duo<\/h2>\n\n\n\n<p>Sean Ono Lennon et James McCartney avaient d\u00e9j\u00e0 collabor\u00e9 en avril 2024 sur le single \u00ab\u202fPrimrose Hill\u202f\u00bb. Avec \u00ab\u202fRip Off\u202f\u00bb, c\u2019est la premi\u00e8re fois que leur voix se m\u00ealent \u00e0 celle de Zak, consolidant l\u2019id\u00e9e d\u2019une nouvelle g\u00e9n\u00e9ration qui reprend le flambeau, tout en apportant sa propre empreinte stylistique.<\/p>\n\n\n\n<h2 class=\"wp-block-heading\">H\u00e9ritage musical et futur prometteur<\/h2>\n\n\n\n<p>Consid\u00e9rant l\u2019influence majeure des Beatles, les enfants h\u00e9ritiers se confrontent \u00e0 un d\u00e9fi symbolique : cr\u00e9er sans vivre dans l\u2019ombre. Ce morceau semble annoncer une nouvelle \u00e8re musicale, o\u00f9 l\u2019h\u00e9ritage familial devient tremplin pour des cr\u00e9ations modernes et collaboratives. \u00ab\u202fRip Off\u202f\u00bb ouvre la porte \u00e0 d\u2019autres collaborations \u00e0 venir et \u00e0 la poursuite d\u2019une musique \u00ab\u202fde la galaxie des fils Beatles\u202f\u00bb.<\/p>\n","protected":false},"excerpt":{"rendered":"<p>Une premi\u00e8re collaboration historique Pour la toute premi\u00e8re fois, trois fils des membres des Beatles s\u2019unissent sur un m\u00eame morceau. Zak Starkey (fils de Ringo Starr), Sean Ono Lennon (fils de John Lennon) et James McCartney (fils de Paul McCartney) ont d\u00e9voil\u00e9 un extrait de \u00ab\u202fRip Off\u202f\u00bb, leur titre commun au sein du supergroupe Mantra &hellip; <a href=\"https:\/\/www.bourse-du-travail.com\/blog\/2025\/06\/19\/les-fils-heritiers-des-beatles-sunissent-pour-le-titre-inedit-rip-off\/\" class=\"more-link\">Continuer la lecture de <span class=\"screen-reader-text\">Les fils h\u00e9ritiers des Beatles s\u2019unissent pour le titre in\u00e9dit \u00ab\u202fRip Off\u202f\u00bb<\/span><\/a><\/p>\n","protected":false},"author":1,"featured_media":194,"comment_status":"open","ping_status":"open","sticky":false,"template":"","format":"standard","meta":{"footnotes":""},"categories":[7],"tags":[],"class_list":["post-193","post","type-post","status-publish","format-standard","has-post-thumbnail","hentry","category-musique"],"yoast_head":"<!-- This site is optimized with the Yoast SEO plugin v27.5 - https:\/\/yoast.com\/product\/yoast-seo-wordpress\/ -->\n<title>Les fils h\u00e9ritiers des Beatles s\u2019unissent pour le titre in\u00e9dit \u00ab\u202fRip Off\u202f\u00bb - Bourse du travail<\/title>\n<meta name=\"robots\" content=\"index, follow, max-snippet:-1, max-image-preview:large, max-video-preview:-1\" \/>\n<link rel=\"canonical\" href=\"https:\/\/www.bourse-du-travail.com\/blog\/2025\/06\/19\/les-fils-heritiers-des-beatles-sunissent-pour-le-titre-inedit-rip-off\/\" \/>\n<meta property=\"og:locale\" content=\"fr_FR\" \/>\n<meta property=\"og:type\" content=\"article\" \/>\n<meta property=\"og:title\" content=\"Les fils h\u00e9ritiers des Beatles s\u2019unissent pour le titre in\u00e9dit \u00ab\u202fRip Off\u202f\u00bb - Bourse du travail\" \/>\n<meta property=\"og:description\" content=\"Une premi\u00e8re collaboration historique Pour la toute premi\u00e8re fois, trois fils des membres des Beatles s\u2019unissent sur un m\u00eame morceau. Zak Starkey (fils de Ringo Starr), Sean Ono Lennon (fils de John Lennon) et James McCartney (fils de Paul McCartney) ont d\u00e9voil\u00e9 un extrait de \u00ab\u202fRip Off\u202f\u00bb, leur titre commun au sein du supergroupe Mantra &hellip; Continuer la lecture de Les fils h\u00e9ritiers des Beatles s\u2019unissent pour le titre in\u00e9dit \u00ab\u202fRip Off\u202f\u00bb\" \/>\n<meta property=\"og:url\" content=\"https:\/\/www.bourse-du-travail.com\/blog\/2025\/06\/19\/les-fils-heritiers-des-beatles-sunissent-pour-le-titre-inedit-rip-off\/\" \/>\n<meta property=\"og:site_name\" content=\"Bourse du travail\" \/>\n<meta property=\"article:publisher\" content=\"https:\/\/www.facebook.com\/boursedutravail\" \/>\n<meta property=\"article:published_time\" content=\"2025-06-19T07:25:57+00:00\" \/>\n<meta property=\"article:modified_time\" content=\"2025-06-19T07:25:58+00:00\" \/>\n<meta property=\"og:image\" content=\"https:\/\/www.bourse-du-travail.com\/blog\/wp-content\/uploads\/2025\/06\/beatles.jpg\" \/>\n\t<meta property=\"og:image:width\" content=\"1116\" \/>\n\t<meta property=\"og:image:height\" content=\"804\" \/>\n\t<meta property=\"og:image:type\" content=\"image\/jpeg\" \/>\n<meta name=\"author\" content=\"Bourse du travail\" \/>\n<meta name=\"twitter:card\" content=\"summary_large_image\" \/>\n<meta name=\"twitter:label1\" content=\"\u00c9crit par\" \/>\n\t<meta name=\"twitter:data1\" content=\"Bourse du travail\" \/>\n\t<meta name=\"twitter:label2\" content=\"Dur\u00e9e de lecture estim\u00e9e\" \/>\n\t<meta name=\"twitter:data2\" content=\"2 minutes\" \/>\n<script type=\"application\/ld+json\" class=\"yoast-schema-graph\">{\"@context\":\"https:\\\/\\\/schema.org\",\"@graph\":[{\"@type\":\"Article\",\"@id\":\"https:\\\/\\\/www.bourse-du-travail.com\\\/blog\\\/2025\\\/06\\\/19\\\/les-fils-heritiers-des-beatles-sunissent-pour-le-titre-inedit-rip-off\\\/#article\",\"isPartOf\":{\"@id\":\"https:\\\/\\\/www.bourse-du-travail.com\\\/blog\\\/2025\\\/06\\\/19\\\/les-fils-heritiers-des-beatles-sunissent-pour-le-titre-inedit-rip-off\\\/\"},\"author\":{\"name\":\"Bourse du travail\",\"@id\":\"https:\\\/\\\/www.bourse-du-travail.com\\\/blog\\\/#\\\/schema\\\/person\\\/9926bb41184b7283fb1ed47808692276\"},\"headline\":\"Les fils h\u00e9ritiers des Beatles s\u2019unissent pour le titre in\u00e9dit \u00ab\u202fRip Off\u202f\u00bb\",\"datePublished\":\"2025-06-19T07:25:57+00:00\",\"dateModified\":\"2025-06-19T07:25:58+00:00\",\"mainEntityOfPage\":{\"@id\":\"https:\\\/\\\/www.bourse-du-travail.com\\\/blog\\\/2025\\\/06\\\/19\\\/les-fils-heritiers-des-beatles-sunissent-pour-le-titre-inedit-rip-off\\\/\"},\"wordCount\":368,\"commentCount\":0,\"publisher\":{\"@id\":\"https:\\\/\\\/www.bourse-du-travail.com\\\/blog\\\/#organization\"},\"image\":{\"@id\":\"https:\\\/\\\/www.bourse-du-travail.com\\\/blog\\\/2025\\\/06\\\/19\\\/les-fils-heritiers-des-beatles-sunissent-pour-le-titre-inedit-rip-off\\\/#primaryimage\"},\"thumbnailUrl\":\"https:\\\/\\\/www.bourse-du-travail.com\\\/blog\\\/wp-content\\\/uploads\\\/2025\\\/06\\\/beatles.jpg\",\"articleSection\":[\"Musique\"],\"inLanguage\":\"fr-FR\",\"potentialAction\":[{\"@type\":\"CommentAction\",\"name\":\"Comment\",\"target\":[\"https:\\\/\\\/www.bourse-du-travail.com\\\/blog\\\/2025\\\/06\\\/19\\\/les-fils-heritiers-des-beatles-sunissent-pour-le-titre-inedit-rip-off\\\/#respond\"]}]},{\"@type\":\"WebPage\",\"@id\":\"https:\\\/\\\/www.bourse-du-travail.com\\\/blog\\\/2025\\\/06\\\/19\\\/les-fils-heritiers-des-beatles-sunissent-pour-le-titre-inedit-rip-off\\\/\",\"url\":\"https:\\\/\\\/www.bourse-du-travail.com\\\/blog\\\/2025\\\/06\\\/19\\\/les-fils-heritiers-des-beatles-sunissent-pour-le-titre-inedit-rip-off\\\/\",\"name\":\"Les fils h\u00e9ritiers des Beatles s\u2019unissent pour le titre in\u00e9dit \u00ab\u202fRip Off\u202f\u00bb - Bourse du travail\",\"isPartOf\":{\"@id\":\"https:\\\/\\\/www.bourse-du-travail.com\\\/blog\\\/#website\"},\"primaryImageOfPage\":{\"@id\":\"https:\\\/\\\/www.bourse-du-travail.com\\\/blog\\\/2025\\\/06\\\/19\\\/les-fils-heritiers-des-beatles-sunissent-pour-le-titre-inedit-rip-off\\\/#primaryimage\"},\"image\":{\"@id\":\"https:\\\/\\\/www.bourse-du-travail.com\\\/blog\\\/2025\\\/06\\\/19\\\/les-fils-heritiers-des-beatles-sunissent-pour-le-titre-inedit-rip-off\\\/#primaryimage\"},\"thumbnailUrl\":\"https:\\\/\\\/www.bourse-du-travail.com\\\/blog\\\/wp-content\\\/uploads\\\/2025\\\/06\\\/beatles.jpg\",\"datePublished\":\"2025-06-19T07:25:57+00:00\",\"dateModified\":\"2025-06-19T07:25:58+00:00\",\"breadcrumb\":{\"@id\":\"https:\\\/\\\/www.bourse-du-travail.com\\\/blog\\\/2025\\\/06\\\/19\\\/les-fils-heritiers-des-beatles-sunissent-pour-le-titre-inedit-rip-off\\\/#breadcrumb\"},\"inLanguage\":\"fr-FR\",\"potentialAction\":[{\"@type\":\"ReadAction\",\"target\":[\"https:\\\/\\\/www.bourse-du-travail.com\\\/blog\\\/2025\\\/06\\\/19\\\/les-fils-heritiers-des-beatles-sunissent-pour-le-titre-inedit-rip-off\\\/\"]}]},{\"@type\":\"ImageObject\",\"inLanguage\":\"fr-FR\",\"@id\":\"https:\\\/\\\/www.bourse-du-travail.com\\\/blog\\\/2025\\\/06\\\/19\\\/les-fils-heritiers-des-beatles-sunissent-pour-le-titre-inedit-rip-off\\\/#primaryimage\",\"url\":\"https:\\\/\\\/www.bourse-du-travail.com\\\/blog\\\/wp-content\\\/uploads\\\/2025\\\/06\\\/beatles.jpg\",\"contentUrl\":\"https:\\\/\\\/www.bourse-du-travail.com\\\/blog\\\/wp-content\\\/uploads\\\/2025\\\/06\\\/beatles.jpg\",\"width\":1116,\"height\":804,\"caption\":\"XRH1706922 The Beatles, December 1963 (b\\\/w photo) by Unknown photographer, (20th century); (add.info.: The Beatles : Ringo Starr, John Lennon, George Harrison, Paul McCartney in december 1963).\"},{\"@type\":\"BreadcrumbList\",\"@id\":\"https:\\\/\\\/www.bourse-du-travail.com\\\/blog\\\/2025\\\/06\\\/19\\\/les-fils-heritiers-des-beatles-sunissent-pour-le-titre-inedit-rip-off\\\/#breadcrumb\",\"itemListElement\":[{\"@type\":\"ListItem\",\"position\":1,\"name\":\"Accueil\",\"item\":\"https:\\\/\\\/www.bourse-du-travail.com\\\/blog\\\/\"},{\"@type\":\"ListItem\",\"position\":2,\"name\":\"Les fils h\u00e9ritiers des Beatles s\u2019unissent pour le titre in\u00e9dit \u00ab\u202fRip Off\u202f\u00bb\"}]},{\"@type\":\"WebSite\",\"@id\":\"https:\\\/\\\/www.bourse-du-travail.com\\\/blog\\\/#website\",\"url\":\"https:\\\/\\\/www.bourse-du-travail.com\\\/blog\\\/\",\"name\":\"Bourse du travail\",\"description\":\"Le blog Concerts et Musiques\",\"publisher\":{\"@id\":\"https:\\\/\\\/www.bourse-du-travail.com\\\/blog\\\/#organization\"},\"potentialAction\":[{\"@type\":\"SearchAction\",\"target\":{\"@type\":\"EntryPoint\",\"urlTemplate\":\"https:\\\/\\\/www.bourse-du-travail.com\\\/blog\\\/?s={search_term_string}\"},\"query-input\":{\"@type\":\"PropertyValueSpecification\",\"valueRequired\":true,\"valueName\":\"search_term_string\"}}],\"inLanguage\":\"fr-FR\"},{\"@type\":\"Organization\",\"@id\":\"https:\\\/\\\/www.bourse-du-travail.com\\\/blog\\\/#organization\",\"name\":\"Bourse du travail\",\"url\":\"https:\\\/\\\/www.bourse-du-travail.com\\\/blog\\\/\",\"logo\":{\"@type\":\"ImageObject\",\"inLanguage\":\"fr-FR\",\"@id\":\"https:\\\/\\\/www.bourse-du-travail.com\\\/blog\\\/#\\\/schema\\\/logo\\\/image\\\/\",\"url\":\"https:\\\/\\\/www.bourse-du-travail.com\\\/blog\\\/wp-content\\\/uploads\\\/2017\\\/04\\\/cropped-bourse-du-travail-2.jpg\",\"contentUrl\":\"https:\\\/\\\/www.bourse-du-travail.com\\\/blog\\\/wp-content\\\/uploads\\\/2017\\\/04\\\/cropped-bourse-du-travail-2.jpg\",\"width\":248,\"height\":248,\"caption\":\"Bourse du travail\"},\"image\":{\"@id\":\"https:\\\/\\\/www.bourse-du-travail.com\\\/blog\\\/#\\\/schema\\\/logo\\\/image\\\/\"},\"sameAs\":[\"https:\\\/\\\/www.facebook.com\\\/boursedutravail\"]},{\"@type\":\"Person\",\"@id\":\"https:\\\/\\\/www.bourse-du-travail.com\\\/blog\\\/#\\\/schema\\\/person\\\/9926bb41184b7283fb1ed47808692276\",\"name\":\"Bourse du travail\",\"image\":{\"@type\":\"ImageObject\",\"inLanguage\":\"fr-FR\",\"@id\":\"https:\\\/\\\/secure.gravatar.com\\\/avatar\\\/6aaa2db7c91316f8097aa34158681e8a949b827f2fa1d6a623275606afbb879d?s=96&d=mm&r=g\",\"url\":\"https:\\\/\\\/secure.gravatar.com\\\/avatar\\\/6aaa2db7c91316f8097aa34158681e8a949b827f2fa1d6a623275606afbb879d?s=96&d=mm&r=g\",\"contentUrl\":\"https:\\\/\\\/secure.gravatar.com\\\/avatar\\\/6aaa2db7c91316f8097aa34158681e8a949b827f2fa1d6a623275606afbb879d?s=96&d=mm&r=g\",\"caption\":\"Bourse du travail\"}}]}<\/script>\n<!-- \/ Yoast SEO plugin. -->","yoast_head_json":{"title":"Les fils h\u00e9ritiers des Beatles s\u2019unissent pour le titre in\u00e9dit \u00ab\u202fRip Off\u202f\u00bb - Bourse du travail","robots":{"index":"index","follow":"follow","max-snippet":"max-snippet:-1","max-image-preview":"max-image-preview:large","max-video-preview":"max-video-preview:-1"},"canonical":"https:\/\/www.bourse-du-travail.com\/blog\/2025\/06\/19\/les-fils-heritiers-des-beatles-sunissent-pour-le-titre-inedit-rip-off\/","og_locale":"fr_FR","og_type":"article","og_title":"Les fils h\u00e9ritiers des Beatles s\u2019unissent pour le titre in\u00e9dit \u00ab\u202fRip Off\u202f\u00bb - Bourse du travail","og_description":"Une premi\u00e8re collaboration historique Pour la toute premi\u00e8re fois, trois fils des membres des Beatles s\u2019unissent sur un m\u00eame morceau. Zak Starkey (fils de Ringo Starr), Sean Ono Lennon (fils de John Lennon) et James McCartney (fils de Paul McCartney) ont d\u00e9voil\u00e9 un extrait de \u00ab\u202fRip Off\u202f\u00bb, leur titre commun au sein du supergroupe Mantra &hellip; Continuer la lecture de Les fils h\u00e9ritiers des Beatles s\u2019unissent pour le titre in\u00e9dit \u00ab\u202fRip Off\u202f\u00bb","og_url":"https:\/\/www.bourse-du-travail.com\/blog\/2025\/06\/19\/les-fils-heritiers-des-beatles-sunissent-pour-le-titre-inedit-rip-off\/","og_site_name":"Bourse du travail","article_publisher":"https:\/\/www.facebook.com\/boursedutravail","article_published_time":"2025-06-19T07:25:57+00:00","article_modified_time":"2025-06-19T07:25:58+00:00","og_image":[{"width":1116,"height":804,"url":"https:\/\/www.bourse-du-travail.com\/blog\/wp-content\/uploads\/2025\/06\/beatles.jpg","type":"image\/jpeg"}],"author":"Bourse du travail","twitter_card":"summary_large_image","twitter_misc":{"\u00c9crit par":"Bourse du travail","Dur\u00e9e de lecture estim\u00e9e":"2 minutes"},"schema":{"@context":"https:\/\/schema.org","@graph":[{"@type":"Article","@id":"https:\/\/www.bourse-du-travail.com\/blog\/2025\/06\/19\/les-fils-heritiers-des-beatles-sunissent-pour-le-titre-inedit-rip-off\/#article","isPartOf":{"@id":"https:\/\/www.bourse-du-travail.com\/blog\/2025\/06\/19\/les-fils-heritiers-des-beatles-sunissent-pour-le-titre-inedit-rip-off\/"},"author":{"name":"Bourse du travail","@id":"https:\/\/www.bourse-du-travail.com\/blog\/#\/schema\/person\/9926bb41184b7283fb1ed47808692276"},"headline":"Les fils h\u00e9ritiers des Beatles s\u2019unissent pour le titre in\u00e9dit \u00ab\u202fRip Off\u202f\u00bb","datePublished":"2025-06-19T07:25:57+00:00","dateModified":"2025-06-19T07:25:58+00:00","mainEntityOfPage":{"@id":"https:\/\/www.bourse-du-travail.com\/blog\/2025\/06\/19\/les-fils-heritiers-des-beatles-sunissent-pour-le-titre-inedit-rip-off\/"},"wordCount":368,"commentCount":0,"publisher":{"@id":"https:\/\/www.bourse-du-travail.com\/blog\/#organization"},"image":{"@id":"https:\/\/www.bourse-du-travail.com\/blog\/2025\/06\/19\/les-fils-heritiers-des-beatles-sunissent-pour-le-titre-inedit-rip-off\/#primaryimage"},"thumbnailUrl":"https:\/\/www.bourse-du-travail.com\/blog\/wp-content\/uploads\/2025\/06\/beatles.jpg","articleSection":["Musique"],"inLanguage":"fr-FR","potentialAction":[{"@type":"CommentAction","name":"Comment","target":["https:\/\/www.bourse-du-travail.com\/blog\/2025\/06\/19\/les-fils-heritiers-des-beatles-sunissent-pour-le-titre-inedit-rip-off\/#respond"]}]},{"@type":"WebPage","@id":"https:\/\/www.bourse-du-travail.com\/blog\/2025\/06\/19\/les-fils-heritiers-des-beatles-sunissent-pour-le-titre-inedit-rip-off\/","url":"https:\/\/www.bourse-du-travail.com\/blog\/2025\/06\/19\/les-fils-heritiers-des-beatles-sunissent-pour-le-titre-inedit-rip-off\/","name":"Les fils h\u00e9ritiers des Beatles s\u2019unissent pour le titre in\u00e9dit \u00ab\u202fRip Off\u202f\u00bb - Bourse du travail","isPartOf":{"@id":"https:\/\/www.bourse-du-travail.com\/blog\/#website"},"primaryImageOfPage":{"@id":"https:\/\/www.bourse-du-travail.com\/blog\/2025\/06\/19\/les-fils-heritiers-des-beatles-sunissent-pour-le-titre-inedit-rip-off\/#primaryimage"},"image":{"@id":"https:\/\/www.bourse-du-travail.com\/blog\/2025\/06\/19\/les-fils-heritiers-des-beatles-sunissent-pour-le-titre-inedit-rip-off\/#primaryimage"},"thumbnailUrl":"https:\/\/www.bourse-du-travail.com\/blog\/wp-content\/uploads\/2025\/06\/beatles.jpg","datePublished":"2025-06-19T07:25:57+00:00","dateModified":"2025-06-19T07:25:58+00:00","breadcrumb":{"@id":"https:\/\/www.bourse-du-travail.com\/blog\/2025\/06\/19\/les-fils-heritiers-des-beatles-sunissent-pour-le-titre-inedit-rip-off\/#breadcrumb"},"inLanguage":"fr-FR","potentialAction":[{"@type":"ReadAction","target":["https:\/\/www.bourse-du-travail.com\/blog\/2025\/06\/19\/les-fils-heritiers-des-beatles-sunissent-pour-le-titre-inedit-rip-off\/"]}]},{"@type":"ImageObject","inLanguage":"fr-FR","@id":"https:\/\/www.bourse-du-travail.com\/blog\/2025\/06\/19\/les-fils-heritiers-des-beatles-sunissent-pour-le-titre-inedit-rip-off\/#primaryimage","url":"https:\/\/www.bourse-du-travail.com\/blog\/wp-content\/uploads\/2025\/06\/beatles.jpg","contentUrl":"https:\/\/www.bourse-du-travail.com\/blog\/wp-content\/uploads\/2025\/06\/beatles.jpg","width":1116,"height":804,"caption":"XRH1706922 The Beatles, December 1963 (b\/w photo) by Unknown photographer, (20th century); (add.info.: The Beatles : Ringo Starr, John Lennon, George Harrison, Paul McCartney in december 1963)."},{"@type":"BreadcrumbList","@id":"https:\/\/www.bourse-du-travail.com\/blog\/2025\/06\/19\/les-fils-heritiers-des-beatles-sunissent-pour-le-titre-inedit-rip-off\/#breadcrumb","itemListElement":[{"@type":"ListItem","position":1,"name":"Accueil","item":"https:\/\/www.bourse-du-travail.com\/blog\/"},{"@type":"ListItem","position":2,"name":"Les fils h\u00e9ritiers des Beatles s\u2019unissent pour le titre in\u00e9dit \u00ab\u202fRip Off\u202f\u00bb"}]},{"@type":"WebSite","@id":"https:\/\/www.bourse-du-travail.com\/blog\/#website","url":"https:\/\/www.bourse-du-travail.com\/blog\/","name":"Bourse du travail","description":"Le blog Concerts et Musiques","publisher":{"@id":"https:\/\/www.bourse-du-travail.com\/blog\/#organization"},"potentialAction":[{"@type":"SearchAction","target":{"@type":"EntryPoint","urlTemplate":"https:\/\/www.bourse-du-travail.com\/blog\/?s={search_term_string}"},"query-input":{"@type":"PropertyValueSpecification","valueRequired":true,"valueName":"search_term_string"}}],"inLanguage":"fr-FR"},{"@type":"Organization","@id":"https:\/\/www.bourse-du-travail.com\/blog\/#organization","name":"Bourse du travail","url":"https:\/\/www.bourse-du-travail.com\/blog\/","logo":{"@type":"ImageObject","inLanguage":"fr-FR","@id":"https:\/\/www.bourse-du-travail.com\/blog\/#\/schema\/logo\/image\/","url":"https:\/\/www.bourse-du-travail.com\/blog\/wp-content\/uploads\/2017\/04\/cropped-bourse-du-travail-2.jpg","contentUrl":"https:\/\/www.bourse-du-travail.com\/blog\/wp-content\/uploads\/2017\/04\/cropped-bourse-du-travail-2.jpg","width":248,"height":248,"caption":"Bourse du travail"},"image":{"@id":"https:\/\/www.bourse-du-travail.com\/blog\/#\/schema\/logo\/image\/"},"sameAs":["https:\/\/www.facebook.com\/boursedutravail"]},{"@type":"Person","@id":"https:\/\/www.bourse-du-travail.com\/blog\/#\/schema\/person\/9926bb41184b7283fb1ed47808692276","name":"Bourse du travail","image":{"@type":"ImageObject","inLanguage":"fr-FR","@id":"https:\/\/secure.gravatar.com\/avatar\/6aaa2db7c91316f8097aa34158681e8a949b827f2fa1d6a623275606afbb879d?s=96&d=mm&r=g","url":"https:\/\/secure.gravatar.com\/avatar\/6aaa2db7c91316f8097aa34158681e8a949b827f2fa1d6a623275606afbb879d?s=96&d=mm&r=g","contentUrl":"https:\/\/secure.gravatar.com\/avatar\/6aaa2db7c91316f8097aa34158681e8a949b827f2fa1d6a623275606afbb879d?s=96&d=mm&r=g","caption":"Bourse du travail"}}]}},"_links":{"self":[{"href":"https:\/\/www.bourse-du-travail.com\/blog\/wp-json\/wp\/v2\/posts\/193","targetHints":{"allow":["GET"]}}],"collection":[{"href":"https:\/\/www.bourse-du-travail.com\/blog\/wp-json\/wp\/v2\/posts"}],"about":[{"href":"https:\/\/www.bourse-du-travail.com\/blog\/wp-json\/wp\/v2\/types\/post"}],"author":[{"embeddable":true,"href":"https:\/\/www.bourse-du-travail.com\/blog\/wp-json\/wp\/v2\/users\/1"}],"replies":[{"embeddable":true,"href":"https:\/\/www.bourse-du-travail.com\/blog\/wp-json\/wp\/v2\/comments?post=193"}],"version-history":[{"count":1,"href":"https:\/\/www.bourse-du-travail.com\/blog\/wp-json\/wp\/v2\/posts\/193\/revisions"}],"predecessor-version":[{"id":195,"href":"https:\/\/www.bourse-du-travail.com\/blog\/wp-json\/wp\/v2\/posts\/193\/revisions\/195"}],"wp:featuredmedia":[{"embeddable":true,"href":"https:\/\/www.bourse-du-travail.com\/blog\/wp-json\/wp\/v2\/media\/194"}],"wp:attachment":[{"href":"https:\/\/www.bourse-du-travail.com\/blog\/wp-json\/wp\/v2\/media?parent=193"}],"wp:term":[{"taxonomy":"category","embeddable":true,"href":"https:\/\/www.bourse-du-travail.com\/blog\/wp-json\/wp\/v2\/categories?post=193"},{"taxonomy":"post_tag","embeddable":true,"href":"https:\/\/www.bourse-du-travail.com\/blog\/wp-json\/wp\/v2\/tags?post=193"}],"curies":[{"name":"wp","href":"https:\/\/api.w.org\/{rel}","templated":true}]}}