{"id":187,"date":"2025-06-17T10:34:05","date_gmt":"2025-06-17T08:34:05","guid":{"rendered":"https:\/\/www.bourse-du-travail.com\/blog\/?p=187"},"modified":"2025-06-17T10:34:06","modified_gmt":"2025-06-17T08:34:06","slug":"un-open-air-exceptionnel-a-la-halle-tony-garnier","status":"publish","type":"post","link":"https:\/\/www.bourse-du-travail.com\/blog\/2025\/06\/17\/un-open-air-exceptionnel-a-la-halle-tony-garnier\/","title":{"rendered":"Un open air exceptionnel \u00e0 la Halle Tony-Garnier"},"content":{"rendered":"\n<p>Samedi 21 juin 2025, la mythique Halle Tony-Garnier se transformera en sc\u00e8ne g\u00e9ante \u00e0 ciel ouvert pour c\u00e9l\u00e9brer la F\u00eate de la Musique \u00e0 Lyon. Cet \u00e9v\u00e9nement gratuit proposera un format in\u00e9dit en plein air, rassemblant des milliers de m\u00e9lomanes dans une ambiance conviviale et vibrante. La Halle, habituellement ferm\u00e9e et intimiste, s\u2019ouvrira exceptionnellement pour offrir une exp\u00e9rience collective unique au public lyonnais.<\/p>\n\n\n\n<h2 class=\"wp-block-heading\">Une programmation internationale de DJs<\/h2>\n\n\n\n<p>Au c\u0153ur de cette soir\u00e9e, plusieurs DJs de renomm\u00e9e internationale investiront la sc\u00e8ne d\u00e8s le d\u00e9but de l\u2019apr\u00e8s\u2011midi, avant de passer progressivement \u00e0 des sets plus \u00e9lectro et house. L\u2019ambition est de proposer une progression musicale coh\u00e9rente, qui accompagnera le public jusqu\u2019au c\u0153ur de la nuit. L\u2019acoustique et l\u2019architecture de la Halle Tony-Garnier mettront particuli\u00e8rement en valeur les basses et les ambiances immersives ch\u00e8res \u00e0 la musique \u00e9lectronique.<\/p>\n\n\n\n<h2 class=\"wp-block-heading\">Une exp\u00e9rience pens\u00e9e pour le public lyonnais<\/h2>\n\n\n\n<p>En misant sur un concert \u00e0 la fois ouvert et gratuit, la Ville de Lyon souhaite valoriser la diversit\u00e9 culturelle et l\u2019acc\u00e8s \u00e0 la musique live. L\u2019emplacement en plein c\u0153ur de la Halle rend l\u2019\u00e9v\u00e9nement accessible aux familles, aux jeunes, ainsi qu\u2019aux amateurs de musique club. La sc\u00e9nographie pr\u00e9vue \u2014 \u00e9clairages, projections et installation architecturale \u2014 donnera au lieu une atmosph\u00e8re festive et contemporaine tout au long de la soir\u00e9e.<\/p>\n\n\n\n<h2 class=\"wp-block-heading\">La Halle Tony-Garnier, lieu embl\u00e9matique repens\u00e9<\/h2>\n\n\n\n<p>Grande salle lyonnaise, la Halle Tony-Garnier est r\u00e9put\u00e9e pour son acoustique remarquable et son cadre industriel historique. Pour ce concert en plein air, ses portes seront grandes ouvertes, transformant le b\u00e2timent en un amphith\u00e9\u00e2tre \u00e0 ciel ouvert. Cette configuration offre un contraste saisissant entre l\u2019int\u00e9rieur monumental et les influences urbaines de la programmation musicale, cr\u00e9ant un v\u00e9ritable \u00ab\u00a0festival urbain\u00a0\u00bb \u00e9ph\u00e9m\u00e8re.<\/p>\n\n\n\n<h2 class=\"wp-block-heading\">L\u2019essor de la F\u00eate de la Musique \u00e0 Lyon<\/h2>\n\n\n\n<p>Ce concert s\u2019inscrit dans une dynamique plus large : celle de Lyon, ville labellis\u00e9e \u00ab\u00a0Ville Cr\u00e9ative de la Musique\u00a0\u00bb par l\u2019UNESCO, qui multiplie les initiatives musicales \u00e0 l\u2019occasion de la F\u00eate de la Musique. L\u2019\u00e9v\u00e9nement de la Halle Tony-Garnier marque une mont\u00e9e en puissance : de petits concerts de rue \u00e0 un grand format d\u2019envergure, la municipalit\u00e9 souhaite offrir une diversit\u00e9 d\u2019exp\u00e9riences musicales pour animer la ville de mani\u00e8re innovante.<\/p>\n","protected":false},"excerpt":{"rendered":"<p>Samedi 21 juin 2025, la mythique Halle Tony-Garnier se transformera en sc\u00e8ne g\u00e9ante \u00e0 ciel ouvert pour c\u00e9l\u00e9brer la F\u00eate de la Musique \u00e0 Lyon. Cet \u00e9v\u00e9nement gratuit proposera un format in\u00e9dit en plein air, rassemblant des milliers de m\u00e9lomanes dans une ambiance conviviale et vibrante. La Halle, habituellement ferm\u00e9e et intimiste, s\u2019ouvrira exceptionnellement pour &hellip; <a href=\"https:\/\/www.bourse-du-travail.com\/blog\/2025\/06\/17\/un-open-air-exceptionnel-a-la-halle-tony-garnier\/\" class=\"more-link\">Continuer la lecture de <span class=\"screen-reader-text\">Un open air exceptionnel \u00e0 la Halle Tony-Garnier<\/span><\/a><\/p>\n","protected":false},"author":1,"featured_media":188,"comment_status":"open","ping_status":"open","sticky":false,"template":"","format":"standard","meta":{"footnotes":""},"categories":[7],"tags":[],"class_list":["post-187","post","type-post","status-publish","format-standard","has-post-thumbnail","hentry","category-musique"],"yoast_head":"<!-- This site is optimized with the Yoast SEO plugin v27.5 - https:\/\/yoast.com\/product\/yoast-seo-wordpress\/ -->\n<title>Un open air exceptionnel \u00e0 la Halle Tony-Garnier - Bourse du travail<\/title>\n<meta name=\"robots\" content=\"index, follow, max-snippet:-1, max-image-preview:large, max-video-preview:-1\" \/>\n<link rel=\"canonical\" href=\"https:\/\/www.bourse-du-travail.com\/blog\/2025\/06\/17\/un-open-air-exceptionnel-a-la-halle-tony-garnier\/\" \/>\n<meta property=\"og:locale\" content=\"fr_FR\" \/>\n<meta property=\"og:type\" content=\"article\" \/>\n<meta property=\"og:title\" content=\"Un open air exceptionnel \u00e0 la Halle Tony-Garnier - Bourse du travail\" \/>\n<meta property=\"og:description\" content=\"Samedi 21 juin 2025, la mythique Halle Tony-Garnier se transformera en sc\u00e8ne g\u00e9ante \u00e0 ciel ouvert pour c\u00e9l\u00e9brer la F\u00eate de la Musique \u00e0 Lyon. Cet \u00e9v\u00e9nement gratuit proposera un format in\u00e9dit en plein air, rassemblant des milliers de m\u00e9lomanes dans une ambiance conviviale et vibrante. La Halle, habituellement ferm\u00e9e et intimiste, s\u2019ouvrira exceptionnellement pour &hellip; Continuer la lecture de Un open air exceptionnel \u00e0 la Halle Tony-Garnier\" \/>\n<meta property=\"og:url\" content=\"https:\/\/www.bourse-du-travail.com\/blog\/2025\/06\/17\/un-open-air-exceptionnel-a-la-halle-tony-garnier\/\" \/>\n<meta property=\"og:site_name\" content=\"Bourse du travail\" \/>\n<meta property=\"article:publisher\" content=\"https:\/\/www.facebook.com\/boursedutravail\" \/>\n<meta property=\"article:published_time\" content=\"2025-06-17T08:34:05+00:00\" \/>\n<meta property=\"article:modified_time\" content=\"2025-06-17T08:34:06+00:00\" \/>\n<meta property=\"og:image\" content=\"https:\/\/www.bourse-du-travail.com\/blog\/wp-content\/uploads\/2025\/06\/audience-1853662_1920.jpg\" \/>\n\t<meta property=\"og:image:width\" content=\"1920\" \/>\n\t<meta property=\"og:image:height\" content=\"1272\" \/>\n\t<meta property=\"og:image:type\" content=\"image\/jpeg\" \/>\n<meta name=\"author\" content=\"Bourse du travail\" \/>\n<meta name=\"twitter:card\" content=\"summary_large_image\" \/>\n<meta name=\"twitter:label1\" content=\"\u00c9crit par\" \/>\n\t<meta name=\"twitter:data1\" content=\"Bourse du travail\" \/>\n\t<meta name=\"twitter:label2\" content=\"Dur\u00e9e de lecture estim\u00e9e\" \/>\n\t<meta name=\"twitter:data2\" content=\"3 minutes\" \/>\n<script type=\"application\/ld+json\" class=\"yoast-schema-graph\">{\"@context\":\"https:\\\/\\\/schema.org\",\"@graph\":[{\"@type\":\"Article\",\"@id\":\"https:\\\/\\\/www.bourse-du-travail.com\\\/blog\\\/2025\\\/06\\\/17\\\/un-open-air-exceptionnel-a-la-halle-tony-garnier\\\/#article\",\"isPartOf\":{\"@id\":\"https:\\\/\\\/www.bourse-du-travail.com\\\/blog\\\/2025\\\/06\\\/17\\\/un-open-air-exceptionnel-a-la-halle-tony-garnier\\\/\"},\"author\":{\"name\":\"Bourse du travail\",\"@id\":\"https:\\\/\\\/www.bourse-du-travail.com\\\/blog\\\/#\\\/schema\\\/person\\\/9926bb41184b7283fb1ed47808692276\"},\"headline\":\"Un open air exceptionnel \u00e0 la Halle Tony-Garnier\",\"datePublished\":\"2025-06-17T08:34:05+00:00\",\"dateModified\":\"2025-06-17T08:34:06+00:00\",\"mainEntityOfPage\":{\"@id\":\"https:\\\/\\\/www.bourse-du-travail.com\\\/blog\\\/2025\\\/06\\\/17\\\/un-open-air-exceptionnel-a-la-halle-tony-garnier\\\/\"},\"wordCount\":416,\"commentCount\":0,\"publisher\":{\"@id\":\"https:\\\/\\\/www.bourse-du-travail.com\\\/blog\\\/#organization\"},\"image\":{\"@id\":\"https:\\\/\\\/www.bourse-du-travail.com\\\/blog\\\/2025\\\/06\\\/17\\\/un-open-air-exceptionnel-a-la-halle-tony-garnier\\\/#primaryimage\"},\"thumbnailUrl\":\"https:\\\/\\\/www.bourse-du-travail.com\\\/blog\\\/wp-content\\\/uploads\\\/2025\\\/06\\\/audience-1853662_1920.jpg\",\"articleSection\":[\"Musique\"],\"inLanguage\":\"fr-FR\",\"potentialAction\":[{\"@type\":\"CommentAction\",\"name\":\"Comment\",\"target\":[\"https:\\\/\\\/www.bourse-du-travail.com\\\/blog\\\/2025\\\/06\\\/17\\\/un-open-air-exceptionnel-a-la-halle-tony-garnier\\\/#respond\"]}]},{\"@type\":\"WebPage\",\"@id\":\"https:\\\/\\\/www.bourse-du-travail.com\\\/blog\\\/2025\\\/06\\\/17\\\/un-open-air-exceptionnel-a-la-halle-tony-garnier\\\/\",\"url\":\"https:\\\/\\\/www.bourse-du-travail.com\\\/blog\\\/2025\\\/06\\\/17\\\/un-open-air-exceptionnel-a-la-halle-tony-garnier\\\/\",\"name\":\"Un open air exceptionnel \u00e0 la Halle Tony-Garnier - Bourse du travail\",\"isPartOf\":{\"@id\":\"https:\\\/\\\/www.bourse-du-travail.com\\\/blog\\\/#website\"},\"primaryImageOfPage\":{\"@id\":\"https:\\\/\\\/www.bourse-du-travail.com\\\/blog\\\/2025\\\/06\\\/17\\\/un-open-air-exceptionnel-a-la-halle-tony-garnier\\\/#primaryimage\"},\"image\":{\"@id\":\"https:\\\/\\\/www.bourse-du-travail.com\\\/blog\\\/2025\\\/06\\\/17\\\/un-open-air-exceptionnel-a-la-halle-tony-garnier\\\/#primaryimage\"},\"thumbnailUrl\":\"https:\\\/\\\/www.bourse-du-travail.com\\\/blog\\\/wp-content\\\/uploads\\\/2025\\\/06\\\/audience-1853662_1920.jpg\",\"datePublished\":\"2025-06-17T08:34:05+00:00\",\"dateModified\":\"2025-06-17T08:34:06+00:00\",\"breadcrumb\":{\"@id\":\"https:\\\/\\\/www.bourse-du-travail.com\\\/blog\\\/2025\\\/06\\\/17\\\/un-open-air-exceptionnel-a-la-halle-tony-garnier\\\/#breadcrumb\"},\"inLanguage\":\"fr-FR\",\"potentialAction\":[{\"@type\":\"ReadAction\",\"target\":[\"https:\\\/\\\/www.bourse-du-travail.com\\\/blog\\\/2025\\\/06\\\/17\\\/un-open-air-exceptionnel-a-la-halle-tony-garnier\\\/\"]}]},{\"@type\":\"ImageObject\",\"inLanguage\":\"fr-FR\",\"@id\":\"https:\\\/\\\/www.bourse-du-travail.com\\\/blog\\\/2025\\\/06\\\/17\\\/un-open-air-exceptionnel-a-la-halle-tony-garnier\\\/#primaryimage\",\"url\":\"https:\\\/\\\/www.bourse-du-travail.com\\\/blog\\\/wp-content\\\/uploads\\\/2025\\\/06\\\/audience-1853662_1920.jpg\",\"contentUrl\":\"https:\\\/\\\/www.bourse-du-travail.com\\\/blog\\\/wp-content\\\/uploads\\\/2025\\\/06\\\/audience-1853662_1920.jpg\",\"width\":1920,\"height\":1272},{\"@type\":\"BreadcrumbList\",\"@id\":\"https:\\\/\\\/www.bourse-du-travail.com\\\/blog\\\/2025\\\/06\\\/17\\\/un-open-air-exceptionnel-a-la-halle-tony-garnier\\\/#breadcrumb\",\"itemListElement\":[{\"@type\":\"ListItem\",\"position\":1,\"name\":\"Accueil\",\"item\":\"https:\\\/\\\/www.bourse-du-travail.com\\\/blog\\\/\"},{\"@type\":\"ListItem\",\"position\":2,\"name\":\"Un open air exceptionnel \u00e0 la Halle Tony-Garnier\"}]},{\"@type\":\"WebSite\",\"@id\":\"https:\\\/\\\/www.bourse-du-travail.com\\\/blog\\\/#website\",\"url\":\"https:\\\/\\\/www.bourse-du-travail.com\\\/blog\\\/\",\"name\":\"Bourse du travail\",\"description\":\"Le blog Concerts et Musiques\",\"publisher\":{\"@id\":\"https:\\\/\\\/www.bourse-du-travail.com\\\/blog\\\/#organization\"},\"potentialAction\":[{\"@type\":\"SearchAction\",\"target\":{\"@type\":\"EntryPoint\",\"urlTemplate\":\"https:\\\/\\\/www.bourse-du-travail.com\\\/blog\\\/?s={search_term_string}\"},\"query-input\":{\"@type\":\"PropertyValueSpecification\",\"valueRequired\":true,\"valueName\":\"search_term_string\"}}],\"inLanguage\":\"fr-FR\"},{\"@type\":\"Organization\",\"@id\":\"https:\\\/\\\/www.bourse-du-travail.com\\\/blog\\\/#organization\",\"name\":\"Bourse du travail\",\"url\":\"https:\\\/\\\/www.bourse-du-travail.com\\\/blog\\\/\",\"logo\":{\"@type\":\"ImageObject\",\"inLanguage\":\"fr-FR\",\"@id\":\"https:\\\/\\\/www.bourse-du-travail.com\\\/blog\\\/#\\\/schema\\\/logo\\\/image\\\/\",\"url\":\"https:\\\/\\\/www.bourse-du-travail.com\\\/blog\\\/wp-content\\\/uploads\\\/2017\\\/04\\\/cropped-bourse-du-travail-2.jpg\",\"contentUrl\":\"https:\\\/\\\/www.bourse-du-travail.com\\\/blog\\\/wp-content\\\/uploads\\\/2017\\\/04\\\/cropped-bourse-du-travail-2.jpg\",\"width\":248,\"height\":248,\"caption\":\"Bourse du travail\"},\"image\":{\"@id\":\"https:\\\/\\\/www.bourse-du-travail.com\\\/blog\\\/#\\\/schema\\\/logo\\\/image\\\/\"},\"sameAs\":[\"https:\\\/\\\/www.facebook.com\\\/boursedutravail\"]},{\"@type\":\"Person\",\"@id\":\"https:\\\/\\\/www.bourse-du-travail.com\\\/blog\\\/#\\\/schema\\\/person\\\/9926bb41184b7283fb1ed47808692276\",\"name\":\"Bourse du travail\",\"image\":{\"@type\":\"ImageObject\",\"inLanguage\":\"fr-FR\",\"@id\":\"https:\\\/\\\/secure.gravatar.com\\\/avatar\\\/6aaa2db7c91316f8097aa34158681e8a949b827f2fa1d6a623275606afbb879d?s=96&d=mm&r=g\",\"url\":\"https:\\\/\\\/secure.gravatar.com\\\/avatar\\\/6aaa2db7c91316f8097aa34158681e8a949b827f2fa1d6a623275606afbb879d?s=96&d=mm&r=g\",\"contentUrl\":\"https:\\\/\\\/secure.gravatar.com\\\/avatar\\\/6aaa2db7c91316f8097aa34158681e8a949b827f2fa1d6a623275606afbb879d?s=96&d=mm&r=g\",\"caption\":\"Bourse du travail\"}}]}<\/script>\n<!-- \/ Yoast SEO plugin. -->","yoast_head_json":{"title":"Un open air exceptionnel \u00e0 la Halle Tony-Garnier - Bourse du travail","robots":{"index":"index","follow":"follow","max-snippet":"max-snippet:-1","max-image-preview":"max-image-preview:large","max-video-preview":"max-video-preview:-1"},"canonical":"https:\/\/www.bourse-du-travail.com\/blog\/2025\/06\/17\/un-open-air-exceptionnel-a-la-halle-tony-garnier\/","og_locale":"fr_FR","og_type":"article","og_title":"Un open air exceptionnel \u00e0 la Halle Tony-Garnier - Bourse du travail","og_description":"Samedi 21 juin 2025, la mythique Halle Tony-Garnier se transformera en sc\u00e8ne g\u00e9ante \u00e0 ciel ouvert pour c\u00e9l\u00e9brer la F\u00eate de la Musique \u00e0 Lyon. Cet \u00e9v\u00e9nement gratuit proposera un format in\u00e9dit en plein air, rassemblant des milliers de m\u00e9lomanes dans une ambiance conviviale et vibrante. La Halle, habituellement ferm\u00e9e et intimiste, s\u2019ouvrira exceptionnellement pour &hellip; Continuer la lecture de Un open air exceptionnel \u00e0 la Halle Tony-Garnier","og_url":"https:\/\/www.bourse-du-travail.com\/blog\/2025\/06\/17\/un-open-air-exceptionnel-a-la-halle-tony-garnier\/","og_site_name":"Bourse du travail","article_publisher":"https:\/\/www.facebook.com\/boursedutravail","article_published_time":"2025-06-17T08:34:05+00:00","article_modified_time":"2025-06-17T08:34:06+00:00","og_image":[{"width":1920,"height":1272,"url":"https:\/\/www.bourse-du-travail.com\/blog\/wp-content\/uploads\/2025\/06\/audience-1853662_1920.jpg","type":"image\/jpeg"}],"author":"Bourse du travail","twitter_card":"summary_large_image","twitter_misc":{"\u00c9crit par":"Bourse du travail","Dur\u00e9e de lecture estim\u00e9e":"3 minutes"},"schema":{"@context":"https:\/\/schema.org","@graph":[{"@type":"Article","@id":"https:\/\/www.bourse-du-travail.com\/blog\/2025\/06\/17\/un-open-air-exceptionnel-a-la-halle-tony-garnier\/#article","isPartOf":{"@id":"https:\/\/www.bourse-du-travail.com\/blog\/2025\/06\/17\/un-open-air-exceptionnel-a-la-halle-tony-garnier\/"},"author":{"name":"Bourse du travail","@id":"https:\/\/www.bourse-du-travail.com\/blog\/#\/schema\/person\/9926bb41184b7283fb1ed47808692276"},"headline":"Un open air exceptionnel \u00e0 la Halle Tony-Garnier","datePublished":"2025-06-17T08:34:05+00:00","dateModified":"2025-06-17T08:34:06+00:00","mainEntityOfPage":{"@id":"https:\/\/www.bourse-du-travail.com\/blog\/2025\/06\/17\/un-open-air-exceptionnel-a-la-halle-tony-garnier\/"},"wordCount":416,"commentCount":0,"publisher":{"@id":"https:\/\/www.bourse-du-travail.com\/blog\/#organization"},"image":{"@id":"https:\/\/www.bourse-du-travail.com\/blog\/2025\/06\/17\/un-open-air-exceptionnel-a-la-halle-tony-garnier\/#primaryimage"},"thumbnailUrl":"https:\/\/www.bourse-du-travail.com\/blog\/wp-content\/uploads\/2025\/06\/audience-1853662_1920.jpg","articleSection":["Musique"],"inLanguage":"fr-FR","potentialAction":[{"@type":"CommentAction","name":"Comment","target":["https:\/\/www.bourse-du-travail.com\/blog\/2025\/06\/17\/un-open-air-exceptionnel-a-la-halle-tony-garnier\/#respond"]}]},{"@type":"WebPage","@id":"https:\/\/www.bourse-du-travail.com\/blog\/2025\/06\/17\/un-open-air-exceptionnel-a-la-halle-tony-garnier\/","url":"https:\/\/www.bourse-du-travail.com\/blog\/2025\/06\/17\/un-open-air-exceptionnel-a-la-halle-tony-garnier\/","name":"Un open air exceptionnel \u00e0 la Halle Tony-Garnier - Bourse du travail","isPartOf":{"@id":"https:\/\/www.bourse-du-travail.com\/blog\/#website"},"primaryImageOfPage":{"@id":"https:\/\/www.bourse-du-travail.com\/blog\/2025\/06\/17\/un-open-air-exceptionnel-a-la-halle-tony-garnier\/#primaryimage"},"image":{"@id":"https:\/\/www.bourse-du-travail.com\/blog\/2025\/06\/17\/un-open-air-exceptionnel-a-la-halle-tony-garnier\/#primaryimage"},"thumbnailUrl":"https:\/\/www.bourse-du-travail.com\/blog\/wp-content\/uploads\/2025\/06\/audience-1853662_1920.jpg","datePublished":"2025-06-17T08:34:05+00:00","dateModified":"2025-06-17T08:34:06+00:00","breadcrumb":{"@id":"https:\/\/www.bourse-du-travail.com\/blog\/2025\/06\/17\/un-open-air-exceptionnel-a-la-halle-tony-garnier\/#breadcrumb"},"inLanguage":"fr-FR","potentialAction":[{"@type":"ReadAction","target":["https:\/\/www.bourse-du-travail.com\/blog\/2025\/06\/17\/un-open-air-exceptionnel-a-la-halle-tony-garnier\/"]}]},{"@type":"ImageObject","inLanguage":"fr-FR","@id":"https:\/\/www.bourse-du-travail.com\/blog\/2025\/06\/17\/un-open-air-exceptionnel-a-la-halle-tony-garnier\/#primaryimage","url":"https:\/\/www.bourse-du-travail.com\/blog\/wp-content\/uploads\/2025\/06\/audience-1853662_1920.jpg","contentUrl":"https:\/\/www.bourse-du-travail.com\/blog\/wp-content\/uploads\/2025\/06\/audience-1853662_1920.jpg","width":1920,"height":1272},{"@type":"BreadcrumbList","@id":"https:\/\/www.bourse-du-travail.com\/blog\/2025\/06\/17\/un-open-air-exceptionnel-a-la-halle-tony-garnier\/#breadcrumb","itemListElement":[{"@type":"ListItem","position":1,"name":"Accueil","item":"https:\/\/www.bourse-du-travail.com\/blog\/"},{"@type":"ListItem","position":2,"name":"Un open air exceptionnel \u00e0 la Halle Tony-Garnier"}]},{"@type":"WebSite","@id":"https:\/\/www.bourse-du-travail.com\/blog\/#website","url":"https:\/\/www.bourse-du-travail.com\/blog\/","name":"Bourse du travail","description":"Le blog Concerts et Musiques","publisher":{"@id":"https:\/\/www.bourse-du-travail.com\/blog\/#organization"},"potentialAction":[{"@type":"SearchAction","target":{"@type":"EntryPoint","urlTemplate":"https:\/\/www.bourse-du-travail.com\/blog\/?s={search_term_string}"},"query-input":{"@type":"PropertyValueSpecification","valueRequired":true,"valueName":"search_term_string"}}],"inLanguage":"fr-FR"},{"@type":"Organization","@id":"https:\/\/www.bourse-du-travail.com\/blog\/#organization","name":"Bourse du travail","url":"https:\/\/www.bourse-du-travail.com\/blog\/","logo":{"@type":"ImageObject","inLanguage":"fr-FR","@id":"https:\/\/www.bourse-du-travail.com\/blog\/#\/schema\/logo\/image\/","url":"https:\/\/www.bourse-du-travail.com\/blog\/wp-content\/uploads\/2017\/04\/cropped-bourse-du-travail-2.jpg","contentUrl":"https:\/\/www.bourse-du-travail.com\/blog\/wp-content\/uploads\/2017\/04\/cropped-bourse-du-travail-2.jpg","width":248,"height":248,"caption":"Bourse du travail"},"image":{"@id":"https:\/\/www.bourse-du-travail.com\/blog\/#\/schema\/logo\/image\/"},"sameAs":["https:\/\/www.facebook.com\/boursedutravail"]},{"@type":"Person","@id":"https:\/\/www.bourse-du-travail.com\/blog\/#\/schema\/person\/9926bb41184b7283fb1ed47808692276","name":"Bourse du travail","image":{"@type":"ImageObject","inLanguage":"fr-FR","@id":"https:\/\/secure.gravatar.com\/avatar\/6aaa2db7c91316f8097aa34158681e8a949b827f2fa1d6a623275606afbb879d?s=96&d=mm&r=g","url":"https:\/\/secure.gravatar.com\/avatar\/6aaa2db7c91316f8097aa34158681e8a949b827f2fa1d6a623275606afbb879d?s=96&d=mm&r=g","contentUrl":"https:\/\/secure.gravatar.com\/avatar\/6aaa2db7c91316f8097aa34158681e8a949b827f2fa1d6a623275606afbb879d?s=96&d=mm&r=g","caption":"Bourse du travail"}}]}},"_links":{"self":[{"href":"https:\/\/www.bourse-du-travail.com\/blog\/wp-json\/wp\/v2\/posts\/187","targetHints":{"allow":["GET"]}}],"collection":[{"href":"https:\/\/www.bourse-du-travail.com\/blog\/wp-json\/wp\/v2\/posts"}],"about":[{"href":"https:\/\/www.bourse-du-travail.com\/blog\/wp-json\/wp\/v2\/types\/post"}],"author":[{"embeddable":true,"href":"https:\/\/www.bourse-du-travail.com\/blog\/wp-json\/wp\/v2\/users\/1"}],"replies":[{"embeddable":true,"href":"https:\/\/www.bourse-du-travail.com\/blog\/wp-json\/wp\/v2\/comments?post=187"}],"version-history":[{"count":1,"href":"https:\/\/www.bourse-du-travail.com\/blog\/wp-json\/wp\/v2\/posts\/187\/revisions"}],"predecessor-version":[{"id":189,"href":"https:\/\/www.bourse-du-travail.com\/blog\/wp-json\/wp\/v2\/posts\/187\/revisions\/189"}],"wp:featuredmedia":[{"embeddable":true,"href":"https:\/\/www.bourse-du-travail.com\/blog\/wp-json\/wp\/v2\/media\/188"}],"wp:attachment":[{"href":"https:\/\/www.bourse-du-travail.com\/blog\/wp-json\/wp\/v2\/media?parent=187"}],"wp:term":[{"taxonomy":"category","embeddable":true,"href":"https:\/\/www.bourse-du-travail.com\/blog\/wp-json\/wp\/v2\/categories?post=187"},{"taxonomy":"post_tag","embeddable":true,"href":"https:\/\/www.bourse-du-travail.com\/blog\/wp-json\/wp\/v2\/tags?post=187"}],"curies":[{"name":"wp","href":"https:\/\/api.w.org\/{rel}","templated":true}]}}