{"id":162,"date":"2025-06-06T09:23:37","date_gmt":"2025-06-06T07:23:37","guid":{"rendered":"https:\/\/www.bourse-du-travail.com\/blog\/?p=162"},"modified":"2025-06-06T09:24:38","modified_gmt":"2025-06-06T07:24:38","slug":"linkin-park-en-concert-a-lyon-en-2026-un-retour-attendu","status":"publish","type":"post","link":"https:\/\/www.bourse-du-travail.com\/blog\/2025\/06\/06\/linkin-park-en-concert-a-lyon-en-2026-un-retour-attendu\/","title":{"rendered":"Linkin Park en concert \u00e0 Lyon en 2026 : un retour attendu"},"content":{"rendered":"\n<p>Linkin Park marquera son grand retour sur sc\u00e8ne \u00e0 l&rsquo;occasion d&rsquo;un concert exceptionnel pr\u00e9vu en 2026 \u00e0 la LDLC Arena de Lyon. Ce spectacle s&rsquo;annonce comme un moment historique pour les fans fran\u00e7ais, qui retrouveront enfin l&rsquo;\u00e9nergie unique du groupe culte. Apr\u00e8s plusieurs ann\u00e9es d&rsquo;absence, cette tourn\u00e9e est une v\u00e9ritable renaissance artistique et \u00e9motionnelle, tant pour les musiciens que pour leur public fid\u00e8le.<\/p>\n\n\n\n<h2 class=\"wp-block-heading\">Une date symbolique dans un lieu embl\u00e9matique<\/h2>\n\n\n\n<p>La LDLC Arena, salle moderne et modulable situ\u00e9e \u00e0 D\u00e9cines, accueillera l&rsquo;un des concerts les plus attendus de l&rsquo;ann\u00e9e. Lieu pris\u00e9 des plus grandes tourn\u00e9es internationales, elle offre une acoustique id\u00e9ale pour retranscrire toute la puissance du son de Linkin Park. Le choix de Lyon n&rsquo;est pas anodin : la ville poss\u00e8de une sc\u00e8ne musicale tr\u00e8s active, et ce concert devrait marquer un tournant pour les fans fran\u00e7ais du groupe, qui n&rsquo;avaient pas eu l&rsquo;occasion de les voir depuis de nombreuses ann\u00e9es.<\/p>\n\n\n\n<h2 class=\"wp-block-heading\">Linkin Park : une l\u00e9gende du rock alternatif<\/h2>\n\n\n\n<p>Fond\u00e9 dans les ann\u00e9es 90, Linkin Park s\u2019est impos\u00e9 comme une r\u00e9f\u00e9rence incontournable du rock alternatif et du nu-metal. Leur premier album, <em>Hybrid Theory<\/em>, sorti en 2000, reste l\u2019un des disques les plus vendus du d\u00e9but du XXIe si\u00e8cle. Leur musique, m\u00ealant guitares satur\u00e9es, beats \u00e9lectroniques et paroles introspectives, a su toucher des millions de fans \u00e0 travers le monde. L\u2019\u00e9quilibre entre la voix puissante de Chester Bennington et le flow de Mike Shinoda a \u00e9t\u00e9 l\u2019une des signatures sonores les plus reconnaissables de la sc\u00e8ne rock moderne.<\/p>\n\n\n\n<h2 class=\"wp-block-heading\">Un h\u00e9ritage musical fort<\/h2>\n\n\n\n<p>Au fil des ann\u00e9es, Linkin Park a explor\u00e9 de nombreux styles musicaux, allant du rock m\u00e9lodique \u00e0 l&rsquo;\u00e9lectro, en passant par des incursions hip-hop et pop. Albums comme <em>Meteora<\/em>, <em>Minutes to Midnight<\/em> ou encore <em>A Thousand Suns<\/em> ont montr\u00e9 une volont\u00e9 constante de se r\u00e9inventer tout en restant fid\u00e8les \u00e0 leur identit\u00e9. Le groupe a toujours su cr\u00e9er des ponts entre des g\u00e9n\u00e9rations de fans et des styles musicaux parfois oppos\u00e9s. Leur influence perdure, et leurs morceaux continuent d&rsquo;\u00eatre repris, remix\u00e9s et diffus\u00e9s dans le monde entier.<\/p>\n\n\n\n<h2 class=\"wp-block-heading\">Un hommage vibrant \u00e0 Chester Bennington<\/h2>\n\n\n\n<p>Depuis la disparition tragique de Chester Bennington en 2017, chaque apparition publique de Linkin Park rev\u00eat une dimension particuli\u00e8rement \u00e9motive. Ce concert \u00e0 Lyon s\u2019inscrit dans une volont\u00e9 du groupe de rendre hommage \u00e0 son chanteur embl\u00e9matique tout en poursuivant l\u2019aventure musicale. Il ne s\u2019agit pas de combler un vide, mais de transformer le manque en force cr\u00e9ative. Ce retour sur sc\u00e8ne est port\u00e9 par l\u2019envie de faire vivre l\u2019h\u00e9ritage de Chester, de renouer avec le public et de partager, \u00e0 nouveau, cette \u00e9nergie unique qui fait la force de Linkin Park depuis plus de vingt ans.<\/p>\n\n\n\n<p><a href=\"https:\/\/www.bourse-du-travail.com\/lyon\/linkin-park-from-zero-world-tour-274228.html\">R\u00e9servez vos places<\/a><\/p>\n","protected":false},"excerpt":{"rendered":"<p>Linkin Park marquera son grand retour sur sc\u00e8ne \u00e0 l&rsquo;occasion d&rsquo;un concert exceptionnel pr\u00e9vu en 2026 \u00e0 la LDLC Arena de Lyon. Ce spectacle s&rsquo;annonce comme un moment historique pour les fans fran\u00e7ais, qui retrouveront enfin l&rsquo;\u00e9nergie unique du groupe culte. Apr\u00e8s plusieurs ann\u00e9es d&rsquo;absence, cette tourn\u00e9e est une v\u00e9ritable renaissance artistique et \u00e9motionnelle, tant &hellip; <a href=\"https:\/\/www.bourse-du-travail.com\/blog\/2025\/06\/06\/linkin-park-en-concert-a-lyon-en-2026-un-retour-attendu\/\" class=\"more-link\">Continuer la lecture de <span class=\"screen-reader-text\">Linkin Park en concert \u00e0 Lyon en 2026 : un retour attendu<\/span><\/a><\/p>\n","protected":false},"author":1,"featured_media":164,"comment_status":"open","ping_status":"open","sticky":false,"template":"","format":"standard","meta":{"footnotes":""},"categories":[1],"tags":[],"class_list":["post-162","post","type-post","status-publish","format-standard","has-post-thumbnail","hentry","category-non-classe"],"yoast_head":"<!-- This site is optimized with the Yoast SEO plugin v27.5 - https:\/\/yoast.com\/product\/yoast-seo-wordpress\/ -->\n<title>Linkin Park en concert \u00e0 Lyon en 2026 : un retour attendu - Bourse du travail<\/title>\n<meta name=\"robots\" content=\"index, follow, max-snippet:-1, max-image-preview:large, max-video-preview:-1\" \/>\n<link rel=\"canonical\" href=\"https:\/\/www.bourse-du-travail.com\/blog\/2025\/06\/06\/linkin-park-en-concert-a-lyon-en-2026-un-retour-attendu\/\" \/>\n<meta property=\"og:locale\" content=\"fr_FR\" \/>\n<meta property=\"og:type\" content=\"article\" \/>\n<meta property=\"og:title\" content=\"Linkin Park en concert \u00e0 Lyon en 2026 : un retour attendu - Bourse du travail\" \/>\n<meta property=\"og:description\" content=\"Linkin Park marquera son grand retour sur sc\u00e8ne \u00e0 l&rsquo;occasion d&rsquo;un concert exceptionnel pr\u00e9vu en 2026 \u00e0 la LDLC Arena de Lyon. Ce spectacle s&rsquo;annonce comme un moment historique pour les fans fran\u00e7ais, qui retrouveront enfin l&rsquo;\u00e9nergie unique du groupe culte. Apr\u00e8s plusieurs ann\u00e9es d&rsquo;absence, cette tourn\u00e9e est une v\u00e9ritable renaissance artistique et \u00e9motionnelle, tant &hellip; Continuer la lecture de Linkin Park en concert \u00e0 Lyon en 2026 : un retour attendu\" \/>\n<meta property=\"og:url\" content=\"https:\/\/www.bourse-du-travail.com\/blog\/2025\/06\/06\/linkin-park-en-concert-a-lyon-en-2026-un-retour-attendu\/\" \/>\n<meta property=\"og:site_name\" content=\"Bourse du travail\" \/>\n<meta property=\"article:publisher\" content=\"https:\/\/www.facebook.com\/boursedutravail\" \/>\n<meta property=\"article:published_time\" content=\"2025-06-06T07:23:37+00:00\" \/>\n<meta property=\"article:modified_time\" content=\"2025-06-06T07:24:38+00:00\" \/>\n<meta property=\"og:image\" content=\"https:\/\/www.bourse-du-travail.com\/blog\/wp-content\/uploads\/2025\/06\/linkin-park-a-lyon-la-billetterie-est-ouverte-pour-1-633639-920-0-F.jpg\" \/>\n\t<meta property=\"og:image:width\" content=\"920\" \/>\n\t<meta property=\"og:image:height\" content=\"1150\" \/>\n\t<meta property=\"og:image:type\" content=\"image\/jpeg\" \/>\n<meta name=\"author\" content=\"Bourse du travail\" \/>\n<meta name=\"twitter:card\" content=\"summary_large_image\" \/>\n<meta name=\"twitter:label1\" content=\"\u00c9crit par\" \/>\n\t<meta name=\"twitter:data1\" content=\"Bourse du travail\" \/>\n\t<meta name=\"twitter:label2\" content=\"Dur\u00e9e de lecture estim\u00e9e\" \/>\n\t<meta name=\"twitter:data2\" content=\"3 minutes\" \/>\n<script type=\"application\/ld+json\" class=\"yoast-schema-graph\">{\"@context\":\"https:\\\/\\\/schema.org\",\"@graph\":[{\"@type\":\"Article\",\"@id\":\"https:\\\/\\\/www.bourse-du-travail.com\\\/blog\\\/2025\\\/06\\\/06\\\/linkin-park-en-concert-a-lyon-en-2026-un-retour-attendu\\\/#article\",\"isPartOf\":{\"@id\":\"https:\\\/\\\/www.bourse-du-travail.com\\\/blog\\\/2025\\\/06\\\/06\\\/linkin-park-en-concert-a-lyon-en-2026-un-retour-attendu\\\/\"},\"author\":{\"name\":\"Bourse du travail\",\"@id\":\"https:\\\/\\\/www.bourse-du-travail.com\\\/blog\\\/#\\\/schema\\\/person\\\/9926bb41184b7283fb1ed47808692276\"},\"headline\":\"Linkin Park en concert \u00e0 Lyon en 2026 : un retour attendu\",\"datePublished\":\"2025-06-06T07:23:37+00:00\",\"dateModified\":\"2025-06-06T07:24:38+00:00\",\"mainEntityOfPage\":{\"@id\":\"https:\\\/\\\/www.bourse-du-travail.com\\\/blog\\\/2025\\\/06\\\/06\\\/linkin-park-en-concert-a-lyon-en-2026-un-retour-attendu\\\/\"},\"wordCount\":496,\"commentCount\":0,\"publisher\":{\"@id\":\"https:\\\/\\\/www.bourse-du-travail.com\\\/blog\\\/#organization\"},\"image\":{\"@id\":\"https:\\\/\\\/www.bourse-du-travail.com\\\/blog\\\/2025\\\/06\\\/06\\\/linkin-park-en-concert-a-lyon-en-2026-un-retour-attendu\\\/#primaryimage\"},\"thumbnailUrl\":\"https:\\\/\\\/www.bourse-du-travail.com\\\/blog\\\/wp-content\\\/uploads\\\/2025\\\/06\\\/linkin-park-a-lyon-la-billetterie-est-ouverte-pour-1-633639-920-0-F.jpg\",\"inLanguage\":\"fr-FR\",\"potentialAction\":[{\"@type\":\"CommentAction\",\"name\":\"Comment\",\"target\":[\"https:\\\/\\\/www.bourse-du-travail.com\\\/blog\\\/2025\\\/06\\\/06\\\/linkin-park-en-concert-a-lyon-en-2026-un-retour-attendu\\\/#respond\"]}]},{\"@type\":\"WebPage\",\"@id\":\"https:\\\/\\\/www.bourse-du-travail.com\\\/blog\\\/2025\\\/06\\\/06\\\/linkin-park-en-concert-a-lyon-en-2026-un-retour-attendu\\\/\",\"url\":\"https:\\\/\\\/www.bourse-du-travail.com\\\/blog\\\/2025\\\/06\\\/06\\\/linkin-park-en-concert-a-lyon-en-2026-un-retour-attendu\\\/\",\"name\":\"Linkin Park en concert \u00e0 Lyon en 2026 : un retour attendu - Bourse du travail\",\"isPartOf\":{\"@id\":\"https:\\\/\\\/www.bourse-du-travail.com\\\/blog\\\/#website\"},\"primaryImageOfPage\":{\"@id\":\"https:\\\/\\\/www.bourse-du-travail.com\\\/blog\\\/2025\\\/06\\\/06\\\/linkin-park-en-concert-a-lyon-en-2026-un-retour-attendu\\\/#primaryimage\"},\"image\":{\"@id\":\"https:\\\/\\\/www.bourse-du-travail.com\\\/blog\\\/2025\\\/06\\\/06\\\/linkin-park-en-concert-a-lyon-en-2026-un-retour-attendu\\\/#primaryimage\"},\"thumbnailUrl\":\"https:\\\/\\\/www.bourse-du-travail.com\\\/blog\\\/wp-content\\\/uploads\\\/2025\\\/06\\\/linkin-park-a-lyon-la-billetterie-est-ouverte-pour-1-633639-920-0-F.jpg\",\"datePublished\":\"2025-06-06T07:23:37+00:00\",\"dateModified\":\"2025-06-06T07:24:38+00:00\",\"breadcrumb\":{\"@id\":\"https:\\\/\\\/www.bourse-du-travail.com\\\/blog\\\/2025\\\/06\\\/06\\\/linkin-park-en-concert-a-lyon-en-2026-un-retour-attendu\\\/#breadcrumb\"},\"inLanguage\":\"fr-FR\",\"potentialAction\":[{\"@type\":\"ReadAction\",\"target\":[\"https:\\\/\\\/www.bourse-du-travail.com\\\/blog\\\/2025\\\/06\\\/06\\\/linkin-park-en-concert-a-lyon-en-2026-un-retour-attendu\\\/\"]}]},{\"@type\":\"ImageObject\",\"inLanguage\":\"fr-FR\",\"@id\":\"https:\\\/\\\/www.bourse-du-travail.com\\\/blog\\\/2025\\\/06\\\/06\\\/linkin-park-en-concert-a-lyon-en-2026-un-retour-attendu\\\/#primaryimage\",\"url\":\"https:\\\/\\\/www.bourse-du-travail.com\\\/blog\\\/wp-content\\\/uploads\\\/2025\\\/06\\\/linkin-park-a-lyon-la-billetterie-est-ouverte-pour-1-633639-920-0-F.jpg\",\"contentUrl\":\"https:\\\/\\\/www.bourse-du-travail.com\\\/blog\\\/wp-content\\\/uploads\\\/2025\\\/06\\\/linkin-park-a-lyon-la-billetterie-est-ouverte-pour-1-633639-920-0-F.jpg\",\"width\":920,\"height\":1150},{\"@type\":\"BreadcrumbList\",\"@id\":\"https:\\\/\\\/www.bourse-du-travail.com\\\/blog\\\/2025\\\/06\\\/06\\\/linkin-park-en-concert-a-lyon-en-2026-un-retour-attendu\\\/#breadcrumb\",\"itemListElement\":[{\"@type\":\"ListItem\",\"position\":1,\"name\":\"Accueil\",\"item\":\"https:\\\/\\\/www.bourse-du-travail.com\\\/blog\\\/\"},{\"@type\":\"ListItem\",\"position\":2,\"name\":\"Linkin Park en concert \u00e0 Lyon en 2026 : un retour attendu\"}]},{\"@type\":\"WebSite\",\"@id\":\"https:\\\/\\\/www.bourse-du-travail.com\\\/blog\\\/#website\",\"url\":\"https:\\\/\\\/www.bourse-du-travail.com\\\/blog\\\/\",\"name\":\"Bourse du travail\",\"description\":\"Le blog Concerts et Musiques\",\"publisher\":{\"@id\":\"https:\\\/\\\/www.bourse-du-travail.com\\\/blog\\\/#organization\"},\"potentialAction\":[{\"@type\":\"SearchAction\",\"target\":{\"@type\":\"EntryPoint\",\"urlTemplate\":\"https:\\\/\\\/www.bourse-du-travail.com\\\/blog\\\/?s={search_term_string}\"},\"query-input\":{\"@type\":\"PropertyValueSpecification\",\"valueRequired\":true,\"valueName\":\"search_term_string\"}}],\"inLanguage\":\"fr-FR\"},{\"@type\":\"Organization\",\"@id\":\"https:\\\/\\\/www.bourse-du-travail.com\\\/blog\\\/#organization\",\"name\":\"Bourse du travail\",\"url\":\"https:\\\/\\\/www.bourse-du-travail.com\\\/blog\\\/\",\"logo\":{\"@type\":\"ImageObject\",\"inLanguage\":\"fr-FR\",\"@id\":\"https:\\\/\\\/www.bourse-du-travail.com\\\/blog\\\/#\\\/schema\\\/logo\\\/image\\\/\",\"url\":\"https:\\\/\\\/www.bourse-du-travail.com\\\/blog\\\/wp-content\\\/uploads\\\/2017\\\/04\\\/cropped-bourse-du-travail-2.jpg\",\"contentUrl\":\"https:\\\/\\\/www.bourse-du-travail.com\\\/blog\\\/wp-content\\\/uploads\\\/2017\\\/04\\\/cropped-bourse-du-travail-2.jpg\",\"width\":248,\"height\":248,\"caption\":\"Bourse du travail\"},\"image\":{\"@id\":\"https:\\\/\\\/www.bourse-du-travail.com\\\/blog\\\/#\\\/schema\\\/logo\\\/image\\\/\"},\"sameAs\":[\"https:\\\/\\\/www.facebook.com\\\/boursedutravail\"]},{\"@type\":\"Person\",\"@id\":\"https:\\\/\\\/www.bourse-du-travail.com\\\/blog\\\/#\\\/schema\\\/person\\\/9926bb41184b7283fb1ed47808692276\",\"name\":\"Bourse du travail\",\"image\":{\"@type\":\"ImageObject\",\"inLanguage\":\"fr-FR\",\"@id\":\"https:\\\/\\\/secure.gravatar.com\\\/avatar\\\/6aaa2db7c91316f8097aa34158681e8a949b827f2fa1d6a623275606afbb879d?s=96&d=mm&r=g\",\"url\":\"https:\\\/\\\/secure.gravatar.com\\\/avatar\\\/6aaa2db7c91316f8097aa34158681e8a949b827f2fa1d6a623275606afbb879d?s=96&d=mm&r=g\",\"contentUrl\":\"https:\\\/\\\/secure.gravatar.com\\\/avatar\\\/6aaa2db7c91316f8097aa34158681e8a949b827f2fa1d6a623275606afbb879d?s=96&d=mm&r=g\",\"caption\":\"Bourse du travail\"}}]}<\/script>\n<!-- \/ Yoast SEO plugin. -->","yoast_head_json":{"title":"Linkin Park en concert \u00e0 Lyon en 2026 : un retour attendu - Bourse du travail","robots":{"index":"index","follow":"follow","max-snippet":"max-snippet:-1","max-image-preview":"max-image-preview:large","max-video-preview":"max-video-preview:-1"},"canonical":"https:\/\/www.bourse-du-travail.com\/blog\/2025\/06\/06\/linkin-park-en-concert-a-lyon-en-2026-un-retour-attendu\/","og_locale":"fr_FR","og_type":"article","og_title":"Linkin Park en concert \u00e0 Lyon en 2026 : un retour attendu - Bourse du travail","og_description":"Linkin Park marquera son grand retour sur sc\u00e8ne \u00e0 l&rsquo;occasion d&rsquo;un concert exceptionnel pr\u00e9vu en 2026 \u00e0 la LDLC Arena de Lyon. Ce spectacle s&rsquo;annonce comme un moment historique pour les fans fran\u00e7ais, qui retrouveront enfin l&rsquo;\u00e9nergie unique du groupe culte. Apr\u00e8s plusieurs ann\u00e9es d&rsquo;absence, cette tourn\u00e9e est une v\u00e9ritable renaissance artistique et \u00e9motionnelle, tant &hellip; Continuer la lecture de Linkin Park en concert \u00e0 Lyon en 2026 : un retour attendu","og_url":"https:\/\/www.bourse-du-travail.com\/blog\/2025\/06\/06\/linkin-park-en-concert-a-lyon-en-2026-un-retour-attendu\/","og_site_name":"Bourse du travail","article_publisher":"https:\/\/www.facebook.com\/boursedutravail","article_published_time":"2025-06-06T07:23:37+00:00","article_modified_time":"2025-06-06T07:24:38+00:00","og_image":[{"width":920,"height":1150,"url":"https:\/\/www.bourse-du-travail.com\/blog\/wp-content\/uploads\/2025\/06\/linkin-park-a-lyon-la-billetterie-est-ouverte-pour-1-633639-920-0-F.jpg","type":"image\/jpeg"}],"author":"Bourse du travail","twitter_card":"summary_large_image","twitter_misc":{"\u00c9crit par":"Bourse du travail","Dur\u00e9e de lecture estim\u00e9e":"3 minutes"},"schema":{"@context":"https:\/\/schema.org","@graph":[{"@type":"Article","@id":"https:\/\/www.bourse-du-travail.com\/blog\/2025\/06\/06\/linkin-park-en-concert-a-lyon-en-2026-un-retour-attendu\/#article","isPartOf":{"@id":"https:\/\/www.bourse-du-travail.com\/blog\/2025\/06\/06\/linkin-park-en-concert-a-lyon-en-2026-un-retour-attendu\/"},"author":{"name":"Bourse du travail","@id":"https:\/\/www.bourse-du-travail.com\/blog\/#\/schema\/person\/9926bb41184b7283fb1ed47808692276"},"headline":"Linkin Park en concert \u00e0 Lyon en 2026 : un retour attendu","datePublished":"2025-06-06T07:23:37+00:00","dateModified":"2025-06-06T07:24:38+00:00","mainEntityOfPage":{"@id":"https:\/\/www.bourse-du-travail.com\/blog\/2025\/06\/06\/linkin-park-en-concert-a-lyon-en-2026-un-retour-attendu\/"},"wordCount":496,"commentCount":0,"publisher":{"@id":"https:\/\/www.bourse-du-travail.com\/blog\/#organization"},"image":{"@id":"https:\/\/www.bourse-du-travail.com\/blog\/2025\/06\/06\/linkin-park-en-concert-a-lyon-en-2026-un-retour-attendu\/#primaryimage"},"thumbnailUrl":"https:\/\/www.bourse-du-travail.com\/blog\/wp-content\/uploads\/2025\/06\/linkin-park-a-lyon-la-billetterie-est-ouverte-pour-1-633639-920-0-F.jpg","inLanguage":"fr-FR","potentialAction":[{"@type":"CommentAction","name":"Comment","target":["https:\/\/www.bourse-du-travail.com\/blog\/2025\/06\/06\/linkin-park-en-concert-a-lyon-en-2026-un-retour-attendu\/#respond"]}]},{"@type":"WebPage","@id":"https:\/\/www.bourse-du-travail.com\/blog\/2025\/06\/06\/linkin-park-en-concert-a-lyon-en-2026-un-retour-attendu\/","url":"https:\/\/www.bourse-du-travail.com\/blog\/2025\/06\/06\/linkin-park-en-concert-a-lyon-en-2026-un-retour-attendu\/","name":"Linkin Park en concert \u00e0 Lyon en 2026 : un retour attendu - Bourse du travail","isPartOf":{"@id":"https:\/\/www.bourse-du-travail.com\/blog\/#website"},"primaryImageOfPage":{"@id":"https:\/\/www.bourse-du-travail.com\/blog\/2025\/06\/06\/linkin-park-en-concert-a-lyon-en-2026-un-retour-attendu\/#primaryimage"},"image":{"@id":"https:\/\/www.bourse-du-travail.com\/blog\/2025\/06\/06\/linkin-park-en-concert-a-lyon-en-2026-un-retour-attendu\/#primaryimage"},"thumbnailUrl":"https:\/\/www.bourse-du-travail.com\/blog\/wp-content\/uploads\/2025\/06\/linkin-park-a-lyon-la-billetterie-est-ouverte-pour-1-633639-920-0-F.jpg","datePublished":"2025-06-06T07:23:37+00:00","dateModified":"2025-06-06T07:24:38+00:00","breadcrumb":{"@id":"https:\/\/www.bourse-du-travail.com\/blog\/2025\/06\/06\/linkin-park-en-concert-a-lyon-en-2026-un-retour-attendu\/#breadcrumb"},"inLanguage":"fr-FR","potentialAction":[{"@type":"ReadAction","target":["https:\/\/www.bourse-du-travail.com\/blog\/2025\/06\/06\/linkin-park-en-concert-a-lyon-en-2026-un-retour-attendu\/"]}]},{"@type":"ImageObject","inLanguage":"fr-FR","@id":"https:\/\/www.bourse-du-travail.com\/blog\/2025\/06\/06\/linkin-park-en-concert-a-lyon-en-2026-un-retour-attendu\/#primaryimage","url":"https:\/\/www.bourse-du-travail.com\/blog\/wp-content\/uploads\/2025\/06\/linkin-park-a-lyon-la-billetterie-est-ouverte-pour-1-633639-920-0-F.jpg","contentUrl":"https:\/\/www.bourse-du-travail.com\/blog\/wp-content\/uploads\/2025\/06\/linkin-park-a-lyon-la-billetterie-est-ouverte-pour-1-633639-920-0-F.jpg","width":920,"height":1150},{"@type":"BreadcrumbList","@id":"https:\/\/www.bourse-du-travail.com\/blog\/2025\/06\/06\/linkin-park-en-concert-a-lyon-en-2026-un-retour-attendu\/#breadcrumb","itemListElement":[{"@type":"ListItem","position":1,"name":"Accueil","item":"https:\/\/www.bourse-du-travail.com\/blog\/"},{"@type":"ListItem","position":2,"name":"Linkin Park en concert \u00e0 Lyon en 2026 : un retour attendu"}]},{"@type":"WebSite","@id":"https:\/\/www.bourse-du-travail.com\/blog\/#website","url":"https:\/\/www.bourse-du-travail.com\/blog\/","name":"Bourse du travail","description":"Le blog Concerts et Musiques","publisher":{"@id":"https:\/\/www.bourse-du-travail.com\/blog\/#organization"},"potentialAction":[{"@type":"SearchAction","target":{"@type":"EntryPoint","urlTemplate":"https:\/\/www.bourse-du-travail.com\/blog\/?s={search_term_string}"},"query-input":{"@type":"PropertyValueSpecification","valueRequired":true,"valueName":"search_term_string"}}],"inLanguage":"fr-FR"},{"@type":"Organization","@id":"https:\/\/www.bourse-du-travail.com\/blog\/#organization","name":"Bourse du travail","url":"https:\/\/www.bourse-du-travail.com\/blog\/","logo":{"@type":"ImageObject","inLanguage":"fr-FR","@id":"https:\/\/www.bourse-du-travail.com\/blog\/#\/schema\/logo\/image\/","url":"https:\/\/www.bourse-du-travail.com\/blog\/wp-content\/uploads\/2017\/04\/cropped-bourse-du-travail-2.jpg","contentUrl":"https:\/\/www.bourse-du-travail.com\/blog\/wp-content\/uploads\/2017\/04\/cropped-bourse-du-travail-2.jpg","width":248,"height":248,"caption":"Bourse du travail"},"image":{"@id":"https:\/\/www.bourse-du-travail.com\/blog\/#\/schema\/logo\/image\/"},"sameAs":["https:\/\/www.facebook.com\/boursedutravail"]},{"@type":"Person","@id":"https:\/\/www.bourse-du-travail.com\/blog\/#\/schema\/person\/9926bb41184b7283fb1ed47808692276","name":"Bourse du travail","image":{"@type":"ImageObject","inLanguage":"fr-FR","@id":"https:\/\/secure.gravatar.com\/avatar\/6aaa2db7c91316f8097aa34158681e8a949b827f2fa1d6a623275606afbb879d?s=96&d=mm&r=g","url":"https:\/\/secure.gravatar.com\/avatar\/6aaa2db7c91316f8097aa34158681e8a949b827f2fa1d6a623275606afbb879d?s=96&d=mm&r=g","contentUrl":"https:\/\/secure.gravatar.com\/avatar\/6aaa2db7c91316f8097aa34158681e8a949b827f2fa1d6a623275606afbb879d?s=96&d=mm&r=g","caption":"Bourse du travail"}}]}},"_links":{"self":[{"href":"https:\/\/www.bourse-du-travail.com\/blog\/wp-json\/wp\/v2\/posts\/162","targetHints":{"allow":["GET"]}}],"collection":[{"href":"https:\/\/www.bourse-du-travail.com\/blog\/wp-json\/wp\/v2\/posts"}],"about":[{"href":"https:\/\/www.bourse-du-travail.com\/blog\/wp-json\/wp\/v2\/types\/post"}],"author":[{"embeddable":true,"href":"https:\/\/www.bourse-du-travail.com\/blog\/wp-json\/wp\/v2\/users\/1"}],"replies":[{"embeddable":true,"href":"https:\/\/www.bourse-du-travail.com\/blog\/wp-json\/wp\/v2\/comments?post=162"}],"version-history":[{"count":2,"href":"https:\/\/www.bourse-du-travail.com\/blog\/wp-json\/wp\/v2\/posts\/162\/revisions"}],"predecessor-version":[{"id":166,"href":"https:\/\/www.bourse-du-travail.com\/blog\/wp-json\/wp\/v2\/posts\/162\/revisions\/166"}],"wp:featuredmedia":[{"embeddable":true,"href":"https:\/\/www.bourse-du-travail.com\/blog\/wp-json\/wp\/v2\/media\/164"}],"wp:attachment":[{"href":"https:\/\/www.bourse-du-travail.com\/blog\/wp-json\/wp\/v2\/media?parent=162"}],"wp:term":[{"taxonomy":"category","embeddable":true,"href":"https:\/\/www.bourse-du-travail.com\/blog\/wp-json\/wp\/v2\/categories?post=162"},{"taxonomy":"post_tag","embeddable":true,"href":"https:\/\/www.bourse-du-travail.com\/blog\/wp-json\/wp\/v2\/tags?post=162"}],"curies":[{"name":"wp","href":"https:\/\/api.w.org\/{rel}","templated":true}]}}