{"id":101,"date":"2024-06-26T10:38:15","date_gmt":"2024-06-26T08:38:15","guid":{"rendered":"http:\/\/www.bourse-du-travail.com\/blog\/?p=101"},"modified":"2024-06-26T10:39:09","modified_gmt":"2024-06-26T08:39:09","slug":"paolo-nutini-en-concert-a-radiant-bellevue-un-evenement-artistique-majeur-a-lyon","status":"publish","type":"post","link":"https:\/\/www.bourse-du-travail.com\/blog\/2024\/06\/26\/paolo-nutini-en-concert-a-radiant-bellevue-un-evenement-artistique-majeur-a-lyon\/","title":{"rendered":"Paolo Nutini en concert au Radiant-Bellevue : Un \u00e9v\u00e9nement artistique majeur \u00e0 Lyon"},"content":{"rendered":"\n<p>Le 5 juillet prochain, la salle de spectacle Radiant-Bellevue de Lyon aura l&rsquo;honneur d&rsquo;accueillir Paolo Nutini, le chanteur \u00e9cossais \u00e0 la voix \u00e9raill\u00e9e et \u00e9mouvante, pour un concert qui s&rsquo;annonce m\u00e9morable. Cet \u00e9v\u00e9nement tr\u00e8s attendu promet d&rsquo;attirer des centaines de fans venus c\u00e9l\u00e9brer la musique envo\u00fbtante de cet artiste accompli. Connu pour sa capacit\u00e9 \u00e0 m\u00e9langer les genres et \u00e0 captiver les foules, Paolo Nutini est pr\u00eat \u00e0 livrer une performance vibrante et charg\u00e9e d&rsquo;\u00e9motion, t\u00e9moignant une fois de plus de son talent ind\u00e9niable.<\/p>\n\n\n\n<h2 class=\"wp-block-heading\">Un r\u00e9pertoire \u00e9clectique et poignant<\/h2>\n\n\n\n<p>Paolo Nutini est pr\u00eat \u00e0 enflammer la sc\u00e8ne de Radiant-Bellevue avec un r\u00e9pertoire vari\u00e9, incluant des titres r\u00e9cents de son album \u00ab\u00a0Last Night in the Bittersweet\u00a0\u00bb. Les spectateurs peuvent s&rsquo;attendre \u00e0 \u00eatre transport\u00e9s par les m\u00e9lodies envo\u00fbtantes de \u00ab\u00a0Through the Echoes\u00a0\u00bb et \u00ab\u00a0Lose It\u00a0\u00bb, ainsi que par l&rsquo;intensit\u00e9 de \u00ab\u00a0Shine a Light\u00a0\u00bb. Ces chansons, profond\u00e9ment personnelles et empreintes d&rsquo;une m\u00e9lancolie douce-am\u00e8re, refl\u00e8tent l&rsquo;\u00e9volution artistique de Nutini et son exploration continue des \u00e9motions humaines.<\/p>\n\n\n\n<h2 class=\"wp-block-heading\">Une prestation sc\u00e9nique remarquable<\/h2>\n\n\n\n<p>La prestation sc\u00e9nique de Paolo Nutini promet d&rsquo;\u00eatre un v\u00e9ritable tour de force. Accompagn\u00e9 de musiciens talentueux, il saura cr\u00e9er une atmosph\u00e8re intimiste tout en d\u00e9ployant une \u00e9nergie d\u00e9bordante. Les jeux de lumi\u00e8re sophistiqu\u00e9s et les projections visuelles ajouteront une dimension suppl\u00e9mentaire au spectacle, immergeant le public dans un univers sensoriel unique. La voix puissante et \u00e9raill\u00e9e de Nutini, combin\u00e9e \u00e0 sa pr\u00e9sence charismatique sur sc\u00e8ne, fera de ce concert un moment inoubliable pour tous les pr\u00e9sents.<\/p>\n\n\n\n<h2 class=\"wp-block-heading\">La salle Radiant-Bellevue : un \u00e9crin parfait pour l&rsquo;artiste<\/h2>\n\n\n\n<p>Radiant-Bellevue, avec son acoustique exceptionnelle et son ambiance chaleureuse, s&rsquo;annonce comme le cadre id\u00e9al pour le concert de Paolo Nutini. La salle, connue pour sa programmation \u00e9clectique et de qualit\u00e9, continue d&rsquo;attirer des artistes de renom et de promouvoir des \u00e9v\u00e9nements culturels diversifi\u00e9s. Cette soir\u00e9e avec Paolo Nutini ne manquera pas de renforcer la r\u00e9putation de Radiant-Bellevue comme un haut lieu de la culture \u00e0 Lyon et offrira au public une exp\u00e9rience musicale hors du commun.<\/p>\n\n\n\n<p>Radiant-Bellevue, avec son acoustique exceptionnelle et son ambiance chaleureuse, s&rsquo;annonce comme le cadre id\u00e9al pour le concert de Paolo Nutini. La salle, connue pour sa programmation \u00e9clectique et de qualit\u00e9, continue d&rsquo;attirer des artistes de renom et de promouvoir des \u00e9v\u00e9nements culturels diversifi\u00e9s. Cette soir\u00e9e avec Paolo Nutini ne manquera pas de renforcer la r\u00e9putation de Radiant-Bellevue comme un haut lieu de la culture \u00e0 Lyon et offrira au public une exp\u00e9rience musicale hors du commun.<\/p>\n\n\n\n<p><a href=\"https:\/\/www.bourse-du-travail.com\/lyon\/paolo-nutini-183108.html\">En savoir plus<\/a><\/p>\n","protected":false},"excerpt":{"rendered":"<p>Le 5 juillet prochain, la salle de spectacle Radiant-Bellevue de Lyon aura l&rsquo;honneur d&rsquo;accueillir Paolo Nutini, le chanteur \u00e9cossais \u00e0 la voix \u00e9raill\u00e9e et \u00e9mouvante, pour un concert qui s&rsquo;annonce m\u00e9morable. Cet \u00e9v\u00e9nement tr\u00e8s attendu promet d&rsquo;attirer des centaines de fans venus c\u00e9l\u00e9brer la musique envo\u00fbtante de cet artiste accompli. Connu pour sa capacit\u00e9 \u00e0 &hellip; <a href=\"https:\/\/www.bourse-du-travail.com\/blog\/2024\/06\/26\/paolo-nutini-en-concert-a-radiant-bellevue-un-evenement-artistique-majeur-a-lyon\/\" class=\"more-link\">Continuer la lecture de <span class=\"screen-reader-text\">Paolo Nutini en concert au Radiant-Bellevue : Un \u00e9v\u00e9nement artistique majeur \u00e0 Lyon<\/span><\/a><\/p>\n","protected":false},"author":1,"featured_media":103,"comment_status":"open","ping_status":"open","sticky":false,"template":"","format":"standard","meta":{"footnotes":""},"categories":[8,7],"tags":[],"class_list":["post-101","post","type-post","status-publish","format-standard","has-post-thumbnail","hentry","category-lyon","category-musique"],"yoast_head":"<!-- This site is optimized with the Yoast SEO plugin v27.5 - https:\/\/yoast.com\/product\/yoast-seo-wordpress\/ -->\n<title>Paolo Nutini en concert au Radiant-Bellevue : Un \u00e9v\u00e9nement artistique majeur \u00e0 Lyon - Bourse du travail<\/title>\n<meta name=\"robots\" content=\"index, follow, max-snippet:-1, max-image-preview:large, max-video-preview:-1\" \/>\n<link rel=\"canonical\" href=\"https:\/\/www.bourse-du-travail.com\/blog\/2024\/06\/26\/paolo-nutini-en-concert-a-radiant-bellevue-un-evenement-artistique-majeur-a-lyon\/\" \/>\n<meta property=\"og:locale\" content=\"fr_FR\" \/>\n<meta property=\"og:type\" content=\"article\" \/>\n<meta property=\"og:title\" content=\"Paolo Nutini en concert au Radiant-Bellevue : Un \u00e9v\u00e9nement artistique majeur \u00e0 Lyon - Bourse du travail\" \/>\n<meta property=\"og:description\" content=\"Le 5 juillet prochain, la salle de spectacle Radiant-Bellevue de Lyon aura l&rsquo;honneur d&rsquo;accueillir Paolo Nutini, le chanteur \u00e9cossais \u00e0 la voix \u00e9raill\u00e9e et \u00e9mouvante, pour un concert qui s&rsquo;annonce m\u00e9morable. Cet \u00e9v\u00e9nement tr\u00e8s attendu promet d&rsquo;attirer des centaines de fans venus c\u00e9l\u00e9brer la musique envo\u00fbtante de cet artiste accompli. Connu pour sa capacit\u00e9 \u00e0 &hellip; Continuer la lecture de Paolo Nutini en concert au Radiant-Bellevue : Un \u00e9v\u00e9nement artistique majeur \u00e0 Lyon\" \/>\n<meta property=\"og:url\" content=\"https:\/\/www.bourse-du-travail.com\/blog\/2024\/06\/26\/paolo-nutini-en-concert-a-radiant-bellevue-un-evenement-artistique-majeur-a-lyon\/\" \/>\n<meta property=\"og:site_name\" content=\"Bourse du travail\" \/>\n<meta property=\"article:publisher\" content=\"https:\/\/www.facebook.com\/boursedutravail\" \/>\n<meta property=\"article:published_time\" content=\"2024-06-26T08:38:15+00:00\" \/>\n<meta property=\"article:modified_time\" content=\"2024-06-26T08:39:09+00:00\" \/>\n<meta property=\"og:image\" content=\"https:\/\/www.bourse-du-travail.com\/blog\/wp-content\/uploads\/2024\/06\/2024-06-17-20-34-39_97a806cef55247d08befcbb5f01b81d3.png\" \/>\n\t<meta property=\"og:image:width\" content=\"1507\" \/>\n\t<meta property=\"og:image:height\" content=\"848\" \/>\n\t<meta property=\"og:image:type\" content=\"image\/png\" \/>\n<meta name=\"author\" content=\"Bourse du travail\" \/>\n<meta name=\"twitter:card\" content=\"summary_large_image\" \/>\n<meta name=\"twitter:label1\" content=\"\u00c9crit par\" \/>\n\t<meta name=\"twitter:data1\" content=\"Bourse du travail\" \/>\n\t<meta name=\"twitter:label2\" content=\"Dur\u00e9e de lecture estim\u00e9e\" \/>\n\t<meta name=\"twitter:data2\" content=\"2 minutes\" \/>\n<script type=\"application\/ld+json\" class=\"yoast-schema-graph\">{\"@context\":\"https:\\\/\\\/schema.org\",\"@graph\":[{\"@type\":\"Article\",\"@id\":\"https:\\\/\\\/www.bourse-du-travail.com\\\/blog\\\/2024\\\/06\\\/26\\\/paolo-nutini-en-concert-a-radiant-bellevue-un-evenement-artistique-majeur-a-lyon\\\/#article\",\"isPartOf\":{\"@id\":\"https:\\\/\\\/www.bourse-du-travail.com\\\/blog\\\/2024\\\/06\\\/26\\\/paolo-nutini-en-concert-a-radiant-bellevue-un-evenement-artistique-majeur-a-lyon\\\/\"},\"author\":{\"name\":\"Bourse du travail\",\"@id\":\"https:\\\/\\\/www.bourse-du-travail.com\\\/blog\\\/#\\\/schema\\\/person\\\/9926bb41184b7283fb1ed47808692276\"},\"headline\":\"Paolo Nutini en concert au Radiant-Bellevue : Un \u00e9v\u00e9nement artistique majeur \u00e0 Lyon\",\"datePublished\":\"2024-06-26T08:38:15+00:00\",\"dateModified\":\"2024-06-26T08:39:09+00:00\",\"mainEntityOfPage\":{\"@id\":\"https:\\\/\\\/www.bourse-du-travail.com\\\/blog\\\/2024\\\/06\\\/26\\\/paolo-nutini-en-concert-a-radiant-bellevue-un-evenement-artistique-majeur-a-lyon\\\/\"},\"wordCount\":462,\"commentCount\":0,\"publisher\":{\"@id\":\"https:\\\/\\\/www.bourse-du-travail.com\\\/blog\\\/#organization\"},\"image\":{\"@id\":\"https:\\\/\\\/www.bourse-du-travail.com\\\/blog\\\/2024\\\/06\\\/26\\\/paolo-nutini-en-concert-a-radiant-bellevue-un-evenement-artistique-majeur-a-lyon\\\/#primaryimage\"},\"thumbnailUrl\":\"https:\\\/\\\/www.bourse-du-travail.com\\\/blog\\\/wp-content\\\/uploads\\\/2024\\\/06\\\/2024-06-17-20-34-39_97a806cef55247d08befcbb5f01b81d3.png\",\"articleSection\":[\"Lyon\",\"Musique\"],\"inLanguage\":\"fr-FR\",\"potentialAction\":[{\"@type\":\"CommentAction\",\"name\":\"Comment\",\"target\":[\"https:\\\/\\\/www.bourse-du-travail.com\\\/blog\\\/2024\\\/06\\\/26\\\/paolo-nutini-en-concert-a-radiant-bellevue-un-evenement-artistique-majeur-a-lyon\\\/#respond\"]}]},{\"@type\":\"WebPage\",\"@id\":\"https:\\\/\\\/www.bourse-du-travail.com\\\/blog\\\/2024\\\/06\\\/26\\\/paolo-nutini-en-concert-a-radiant-bellevue-un-evenement-artistique-majeur-a-lyon\\\/\",\"url\":\"https:\\\/\\\/www.bourse-du-travail.com\\\/blog\\\/2024\\\/06\\\/26\\\/paolo-nutini-en-concert-a-radiant-bellevue-un-evenement-artistique-majeur-a-lyon\\\/\",\"name\":\"Paolo Nutini en concert au Radiant-Bellevue : Un \u00e9v\u00e9nement artistique majeur \u00e0 Lyon - Bourse du travail\",\"isPartOf\":{\"@id\":\"https:\\\/\\\/www.bourse-du-travail.com\\\/blog\\\/#website\"},\"primaryImageOfPage\":{\"@id\":\"https:\\\/\\\/www.bourse-du-travail.com\\\/blog\\\/2024\\\/06\\\/26\\\/paolo-nutini-en-concert-a-radiant-bellevue-un-evenement-artistique-majeur-a-lyon\\\/#primaryimage\"},\"image\":{\"@id\":\"https:\\\/\\\/www.bourse-du-travail.com\\\/blog\\\/2024\\\/06\\\/26\\\/paolo-nutini-en-concert-a-radiant-bellevue-un-evenement-artistique-majeur-a-lyon\\\/#primaryimage\"},\"thumbnailUrl\":\"https:\\\/\\\/www.bourse-du-travail.com\\\/blog\\\/wp-content\\\/uploads\\\/2024\\\/06\\\/2024-06-17-20-34-39_97a806cef55247d08befcbb5f01b81d3.png\",\"datePublished\":\"2024-06-26T08:38:15+00:00\",\"dateModified\":\"2024-06-26T08:39:09+00:00\",\"breadcrumb\":{\"@id\":\"https:\\\/\\\/www.bourse-du-travail.com\\\/blog\\\/2024\\\/06\\\/26\\\/paolo-nutini-en-concert-a-radiant-bellevue-un-evenement-artistique-majeur-a-lyon\\\/#breadcrumb\"},\"inLanguage\":\"fr-FR\",\"potentialAction\":[{\"@type\":\"ReadAction\",\"target\":[\"https:\\\/\\\/www.bourse-du-travail.com\\\/blog\\\/2024\\\/06\\\/26\\\/paolo-nutini-en-concert-a-radiant-bellevue-un-evenement-artistique-majeur-a-lyon\\\/\"]}]},{\"@type\":\"ImageObject\",\"inLanguage\":\"fr-FR\",\"@id\":\"https:\\\/\\\/www.bourse-du-travail.com\\\/blog\\\/2024\\\/06\\\/26\\\/paolo-nutini-en-concert-a-radiant-bellevue-un-evenement-artistique-majeur-a-lyon\\\/#primaryimage\",\"url\":\"https:\\\/\\\/www.bourse-du-travail.com\\\/blog\\\/wp-content\\\/uploads\\\/2024\\\/06\\\/2024-06-17-20-34-39_97a806cef55247d08befcbb5f01b81d3.png\",\"contentUrl\":\"https:\\\/\\\/www.bourse-du-travail.com\\\/blog\\\/wp-content\\\/uploads\\\/2024\\\/06\\\/2024-06-17-20-34-39_97a806cef55247d08befcbb5f01b81d3.png\",\"width\":1507,\"height\":848},{\"@type\":\"BreadcrumbList\",\"@id\":\"https:\\\/\\\/www.bourse-du-travail.com\\\/blog\\\/2024\\\/06\\\/26\\\/paolo-nutini-en-concert-a-radiant-bellevue-un-evenement-artistique-majeur-a-lyon\\\/#breadcrumb\",\"itemListElement\":[{\"@type\":\"ListItem\",\"position\":1,\"name\":\"Accueil\",\"item\":\"https:\\\/\\\/www.bourse-du-travail.com\\\/blog\\\/\"},{\"@type\":\"ListItem\",\"position\":2,\"name\":\"Paolo Nutini en concert au Radiant-Bellevue : Un \u00e9v\u00e9nement artistique majeur \u00e0 Lyon\"}]},{\"@type\":\"WebSite\",\"@id\":\"https:\\\/\\\/www.bourse-du-travail.com\\\/blog\\\/#website\",\"url\":\"https:\\\/\\\/www.bourse-du-travail.com\\\/blog\\\/\",\"name\":\"Bourse du travail\",\"description\":\"Le blog Concerts et Musiques\",\"publisher\":{\"@id\":\"https:\\\/\\\/www.bourse-du-travail.com\\\/blog\\\/#organization\"},\"potentialAction\":[{\"@type\":\"SearchAction\",\"target\":{\"@type\":\"EntryPoint\",\"urlTemplate\":\"https:\\\/\\\/www.bourse-du-travail.com\\\/blog\\\/?s={search_term_string}\"},\"query-input\":{\"@type\":\"PropertyValueSpecification\",\"valueRequired\":true,\"valueName\":\"search_term_string\"}}],\"inLanguage\":\"fr-FR\"},{\"@type\":\"Organization\",\"@id\":\"https:\\\/\\\/www.bourse-du-travail.com\\\/blog\\\/#organization\",\"name\":\"Bourse du travail\",\"url\":\"https:\\\/\\\/www.bourse-du-travail.com\\\/blog\\\/\",\"logo\":{\"@type\":\"ImageObject\",\"inLanguage\":\"fr-FR\",\"@id\":\"https:\\\/\\\/www.bourse-du-travail.com\\\/blog\\\/#\\\/schema\\\/logo\\\/image\\\/\",\"url\":\"https:\\\/\\\/www.bourse-du-travail.com\\\/blog\\\/wp-content\\\/uploads\\\/2017\\\/04\\\/cropped-bourse-du-travail-2.jpg\",\"contentUrl\":\"https:\\\/\\\/www.bourse-du-travail.com\\\/blog\\\/wp-content\\\/uploads\\\/2017\\\/04\\\/cropped-bourse-du-travail-2.jpg\",\"width\":248,\"height\":248,\"caption\":\"Bourse du travail\"},\"image\":{\"@id\":\"https:\\\/\\\/www.bourse-du-travail.com\\\/blog\\\/#\\\/schema\\\/logo\\\/image\\\/\"},\"sameAs\":[\"https:\\\/\\\/www.facebook.com\\\/boursedutravail\"]},{\"@type\":\"Person\",\"@id\":\"https:\\\/\\\/www.bourse-du-travail.com\\\/blog\\\/#\\\/schema\\\/person\\\/9926bb41184b7283fb1ed47808692276\",\"name\":\"Bourse du travail\",\"image\":{\"@type\":\"ImageObject\",\"inLanguage\":\"fr-FR\",\"@id\":\"https:\\\/\\\/secure.gravatar.com\\\/avatar\\\/6aaa2db7c91316f8097aa34158681e8a949b827f2fa1d6a623275606afbb879d?s=96&d=mm&r=g\",\"url\":\"https:\\\/\\\/secure.gravatar.com\\\/avatar\\\/6aaa2db7c91316f8097aa34158681e8a949b827f2fa1d6a623275606afbb879d?s=96&d=mm&r=g\",\"contentUrl\":\"https:\\\/\\\/secure.gravatar.com\\\/avatar\\\/6aaa2db7c91316f8097aa34158681e8a949b827f2fa1d6a623275606afbb879d?s=96&d=mm&r=g\",\"caption\":\"Bourse du travail\"}}]}<\/script>\n<!-- \/ Yoast SEO plugin. -->","yoast_head_json":{"title":"Paolo Nutini en concert au Radiant-Bellevue : Un \u00e9v\u00e9nement artistique majeur \u00e0 Lyon - Bourse du travail","robots":{"index":"index","follow":"follow","max-snippet":"max-snippet:-1","max-image-preview":"max-image-preview:large","max-video-preview":"max-video-preview:-1"},"canonical":"https:\/\/www.bourse-du-travail.com\/blog\/2024\/06\/26\/paolo-nutini-en-concert-a-radiant-bellevue-un-evenement-artistique-majeur-a-lyon\/","og_locale":"fr_FR","og_type":"article","og_title":"Paolo Nutini en concert au Radiant-Bellevue : Un \u00e9v\u00e9nement artistique majeur \u00e0 Lyon - Bourse du travail","og_description":"Le 5 juillet prochain, la salle de spectacle Radiant-Bellevue de Lyon aura l&rsquo;honneur d&rsquo;accueillir Paolo Nutini, le chanteur \u00e9cossais \u00e0 la voix \u00e9raill\u00e9e et \u00e9mouvante, pour un concert qui s&rsquo;annonce m\u00e9morable. Cet \u00e9v\u00e9nement tr\u00e8s attendu promet d&rsquo;attirer des centaines de fans venus c\u00e9l\u00e9brer la musique envo\u00fbtante de cet artiste accompli. Connu pour sa capacit\u00e9 \u00e0 &hellip; Continuer la lecture de Paolo Nutini en concert au Radiant-Bellevue : Un \u00e9v\u00e9nement artistique majeur \u00e0 Lyon","og_url":"https:\/\/www.bourse-du-travail.com\/blog\/2024\/06\/26\/paolo-nutini-en-concert-a-radiant-bellevue-un-evenement-artistique-majeur-a-lyon\/","og_site_name":"Bourse du travail","article_publisher":"https:\/\/www.facebook.com\/boursedutravail","article_published_time":"2024-06-26T08:38:15+00:00","article_modified_time":"2024-06-26T08:39:09+00:00","og_image":[{"width":1507,"height":848,"url":"https:\/\/www.bourse-du-travail.com\/blog\/wp-content\/uploads\/2024\/06\/2024-06-17-20-34-39_97a806cef55247d08befcbb5f01b81d3.png","type":"image\/png"}],"author":"Bourse du travail","twitter_card":"summary_large_image","twitter_misc":{"\u00c9crit par":"Bourse du travail","Dur\u00e9e de lecture estim\u00e9e":"2 minutes"},"schema":{"@context":"https:\/\/schema.org","@graph":[{"@type":"Article","@id":"https:\/\/www.bourse-du-travail.com\/blog\/2024\/06\/26\/paolo-nutini-en-concert-a-radiant-bellevue-un-evenement-artistique-majeur-a-lyon\/#article","isPartOf":{"@id":"https:\/\/www.bourse-du-travail.com\/blog\/2024\/06\/26\/paolo-nutini-en-concert-a-radiant-bellevue-un-evenement-artistique-majeur-a-lyon\/"},"author":{"name":"Bourse du travail","@id":"https:\/\/www.bourse-du-travail.com\/blog\/#\/schema\/person\/9926bb41184b7283fb1ed47808692276"},"headline":"Paolo Nutini en concert au Radiant-Bellevue : Un \u00e9v\u00e9nement artistique majeur \u00e0 Lyon","datePublished":"2024-06-26T08:38:15+00:00","dateModified":"2024-06-26T08:39:09+00:00","mainEntityOfPage":{"@id":"https:\/\/www.bourse-du-travail.com\/blog\/2024\/06\/26\/paolo-nutini-en-concert-a-radiant-bellevue-un-evenement-artistique-majeur-a-lyon\/"},"wordCount":462,"commentCount":0,"publisher":{"@id":"https:\/\/www.bourse-du-travail.com\/blog\/#organization"},"image":{"@id":"https:\/\/www.bourse-du-travail.com\/blog\/2024\/06\/26\/paolo-nutini-en-concert-a-radiant-bellevue-un-evenement-artistique-majeur-a-lyon\/#primaryimage"},"thumbnailUrl":"https:\/\/www.bourse-du-travail.com\/blog\/wp-content\/uploads\/2024\/06\/2024-06-17-20-34-39_97a806cef55247d08befcbb5f01b81d3.png","articleSection":["Lyon","Musique"],"inLanguage":"fr-FR","potentialAction":[{"@type":"CommentAction","name":"Comment","target":["https:\/\/www.bourse-du-travail.com\/blog\/2024\/06\/26\/paolo-nutini-en-concert-a-radiant-bellevue-un-evenement-artistique-majeur-a-lyon\/#respond"]}]},{"@type":"WebPage","@id":"https:\/\/www.bourse-du-travail.com\/blog\/2024\/06\/26\/paolo-nutini-en-concert-a-radiant-bellevue-un-evenement-artistique-majeur-a-lyon\/","url":"https:\/\/www.bourse-du-travail.com\/blog\/2024\/06\/26\/paolo-nutini-en-concert-a-radiant-bellevue-un-evenement-artistique-majeur-a-lyon\/","name":"Paolo Nutini en concert au Radiant-Bellevue : Un \u00e9v\u00e9nement artistique majeur \u00e0 Lyon - Bourse du travail","isPartOf":{"@id":"https:\/\/www.bourse-du-travail.com\/blog\/#website"},"primaryImageOfPage":{"@id":"https:\/\/www.bourse-du-travail.com\/blog\/2024\/06\/26\/paolo-nutini-en-concert-a-radiant-bellevue-un-evenement-artistique-majeur-a-lyon\/#primaryimage"},"image":{"@id":"https:\/\/www.bourse-du-travail.com\/blog\/2024\/06\/26\/paolo-nutini-en-concert-a-radiant-bellevue-un-evenement-artistique-majeur-a-lyon\/#primaryimage"},"thumbnailUrl":"https:\/\/www.bourse-du-travail.com\/blog\/wp-content\/uploads\/2024\/06\/2024-06-17-20-34-39_97a806cef55247d08befcbb5f01b81d3.png","datePublished":"2024-06-26T08:38:15+00:00","dateModified":"2024-06-26T08:39:09+00:00","breadcrumb":{"@id":"https:\/\/www.bourse-du-travail.com\/blog\/2024\/06\/26\/paolo-nutini-en-concert-a-radiant-bellevue-un-evenement-artistique-majeur-a-lyon\/#breadcrumb"},"inLanguage":"fr-FR","potentialAction":[{"@type":"ReadAction","target":["https:\/\/www.bourse-du-travail.com\/blog\/2024\/06\/26\/paolo-nutini-en-concert-a-radiant-bellevue-un-evenement-artistique-majeur-a-lyon\/"]}]},{"@type":"ImageObject","inLanguage":"fr-FR","@id":"https:\/\/www.bourse-du-travail.com\/blog\/2024\/06\/26\/paolo-nutini-en-concert-a-radiant-bellevue-un-evenement-artistique-majeur-a-lyon\/#primaryimage","url":"https:\/\/www.bourse-du-travail.com\/blog\/wp-content\/uploads\/2024\/06\/2024-06-17-20-34-39_97a806cef55247d08befcbb5f01b81d3.png","contentUrl":"https:\/\/www.bourse-du-travail.com\/blog\/wp-content\/uploads\/2024\/06\/2024-06-17-20-34-39_97a806cef55247d08befcbb5f01b81d3.png","width":1507,"height":848},{"@type":"BreadcrumbList","@id":"https:\/\/www.bourse-du-travail.com\/blog\/2024\/06\/26\/paolo-nutini-en-concert-a-radiant-bellevue-un-evenement-artistique-majeur-a-lyon\/#breadcrumb","itemListElement":[{"@type":"ListItem","position":1,"name":"Accueil","item":"https:\/\/www.bourse-du-travail.com\/blog\/"},{"@type":"ListItem","position":2,"name":"Paolo Nutini en concert au Radiant-Bellevue : Un \u00e9v\u00e9nement artistique majeur \u00e0 Lyon"}]},{"@type":"WebSite","@id":"https:\/\/www.bourse-du-travail.com\/blog\/#website","url":"https:\/\/www.bourse-du-travail.com\/blog\/","name":"Bourse du travail","description":"Le blog Concerts et Musiques","publisher":{"@id":"https:\/\/www.bourse-du-travail.com\/blog\/#organization"},"potentialAction":[{"@type":"SearchAction","target":{"@type":"EntryPoint","urlTemplate":"https:\/\/www.bourse-du-travail.com\/blog\/?s={search_term_string}"},"query-input":{"@type":"PropertyValueSpecification","valueRequired":true,"valueName":"search_term_string"}}],"inLanguage":"fr-FR"},{"@type":"Organization","@id":"https:\/\/www.bourse-du-travail.com\/blog\/#organization","name":"Bourse du travail","url":"https:\/\/www.bourse-du-travail.com\/blog\/","logo":{"@type":"ImageObject","inLanguage":"fr-FR","@id":"https:\/\/www.bourse-du-travail.com\/blog\/#\/schema\/logo\/image\/","url":"https:\/\/www.bourse-du-travail.com\/blog\/wp-content\/uploads\/2017\/04\/cropped-bourse-du-travail-2.jpg","contentUrl":"https:\/\/www.bourse-du-travail.com\/blog\/wp-content\/uploads\/2017\/04\/cropped-bourse-du-travail-2.jpg","width":248,"height":248,"caption":"Bourse du travail"},"image":{"@id":"https:\/\/www.bourse-du-travail.com\/blog\/#\/schema\/logo\/image\/"},"sameAs":["https:\/\/www.facebook.com\/boursedutravail"]},{"@type":"Person","@id":"https:\/\/www.bourse-du-travail.com\/blog\/#\/schema\/person\/9926bb41184b7283fb1ed47808692276","name":"Bourse du travail","image":{"@type":"ImageObject","inLanguage":"fr-FR","@id":"https:\/\/secure.gravatar.com\/avatar\/6aaa2db7c91316f8097aa34158681e8a949b827f2fa1d6a623275606afbb879d?s=96&d=mm&r=g","url":"https:\/\/secure.gravatar.com\/avatar\/6aaa2db7c91316f8097aa34158681e8a949b827f2fa1d6a623275606afbb879d?s=96&d=mm&r=g","contentUrl":"https:\/\/secure.gravatar.com\/avatar\/6aaa2db7c91316f8097aa34158681e8a949b827f2fa1d6a623275606afbb879d?s=96&d=mm&r=g","caption":"Bourse du travail"}}]}},"_links":{"self":[{"href":"https:\/\/www.bourse-du-travail.com\/blog\/wp-json\/wp\/v2\/posts\/101","targetHints":{"allow":["GET"]}}],"collection":[{"href":"https:\/\/www.bourse-du-travail.com\/blog\/wp-json\/wp\/v2\/posts"}],"about":[{"href":"https:\/\/www.bourse-du-travail.com\/blog\/wp-json\/wp\/v2\/types\/post"}],"author":[{"embeddable":true,"href":"https:\/\/www.bourse-du-travail.com\/blog\/wp-json\/wp\/v2\/users\/1"}],"replies":[{"embeddable":true,"href":"https:\/\/www.bourse-du-travail.com\/blog\/wp-json\/wp\/v2\/comments?post=101"}],"version-history":[{"count":2,"href":"https:\/\/www.bourse-du-travail.com\/blog\/wp-json\/wp\/v2\/posts\/101\/revisions"}],"predecessor-version":[{"id":104,"href":"https:\/\/www.bourse-du-travail.com\/blog\/wp-json\/wp\/v2\/posts\/101\/revisions\/104"}],"wp:featuredmedia":[{"embeddable":true,"href":"https:\/\/www.bourse-du-travail.com\/blog\/wp-json\/wp\/v2\/media\/103"}],"wp:attachment":[{"href":"https:\/\/www.bourse-du-travail.com\/blog\/wp-json\/wp\/v2\/media?parent=101"}],"wp:term":[{"taxonomy":"category","embeddable":true,"href":"https:\/\/www.bourse-du-travail.com\/blog\/wp-json\/wp\/v2\/categories?post=101"},{"taxonomy":"post_tag","embeddable":true,"href":"https:\/\/www.bourse-du-travail.com\/blog\/wp-json\/wp\/v2\/tags?post=101"}],"curies":[{"name":"wp","href":"https:\/\/api.w.org\/{rel}","templated":true}]}}